{"id":107823,"date":"2017-03-15T10:00:58","date_gmt":"2017-03-15T08:00:58","guid":{"rendered":"http:\/\/www.sana.sy\/tr\/?p=107823"},"modified":"2017-03-16T16:02:01","modified_gmt":"2017-03-16T14:02:01","slug":"garantor-ulkelerin-heyetleri-bir-araya-gelecek","status":"publish","type":"post","link":"https:\/\/archive.sana.sy\/tr\/?p=107823","title":{"rendered":"Garant\u00f6r \u00dclkelerin Heyetleri Bir Araya Gelecek"},"content":{"rendered":"<p>ASTANA \u2013 Kazakistan D\u0131\u015fi\u015fleri Bakanl\u0131\u011f\u0131nda Bas\u0131n Sorumlusu Enver Zhaynakov, Astana s\u00fcrecinin garant\u00f6rleri \u00fc\u00e7 devletin heyet ba\u015fkanlar\u0131n\u0131n, Astana g\u00f6r\u00fc\u015fmelerinin 3. Turu kapsam\u0131nda bug\u00fcn bir araya geleceklerini ilan etti.<\/p>\n<p>Zhaynakov bas\u0131na yapt\u0131\u011f\u0131 a\u00e7\u0131klamada; s\u00f6z konusu toplant\u0131n\u0131n, Kazakistan D\u0131\u015fi\u015fleri Bakan\u0131 Khiyrat Abdrahmanov\u2019un kat\u0131l\u0131m\u0131yla d\u00fczenlenece\u011fini kaydetti.<\/p>\n<p>Di\u011fer yandan Rus Tass Haber Ajans\u0131; Rus ve \u0130ran heyetlerinin Astana g\u00f6r\u00fc\u015fmelerinin \u00fc\u00e7\u00fcnc\u00fc turu \u00e7er\u00e7evesinde kendi aralar\u0131nda ikili bir toplant\u0131 d\u00fczenleyeceklerini aktard\u0131.<\/p>\n","protected":false},"excerpt":{"rendered":"<p>ASTANA \u2013 Kazakistan D\u0131\u015fi\u015fleri Bakanl\u0131\u011f\u0131nda Bas\u0131n Sorumlusu Enver Zhaynakov, Astana s\u00fcrecinin garant\u00f6rleri \u00fc\u00e7 devletin heyet ba\u015fkanlar\u0131n\u0131n, Astana g\u00f6r\u00fc\u015fmelerinin 3. Turu kapsam\u0131nda bug\u00fcn bir araya geleceklerini ilan etti. Zhaynakov bas\u0131na yapt\u0131\u011f\u0131 a\u00e7\u0131klamada; s\u00f6z konusu toplant\u0131n\u0131n, Kazakistan D\u0131\u015fi\u015fleri Bakan\u0131 Khiyrat Abdrahmanov\u2019un kat\u0131l\u0131m\u0131yla d\u00fczenlenece\u011fini kaydetti. Di\u011fer yandan Rus Tass Haber Ajans\u0131; Rus ve \u0130ran heyetlerinin Astana g\u00f6r\u00fc\u015fmelerinin \u00fc\u00e7\u00fcnc\u00fc &hellip;<\/p>\n","protected":false},"author":1,"featured_media":107832,"comment_status":"closed","ping_status":"closed","sticky":false,"template":"","format":"standard","meta":{"footnotes":""},"categories":[458,459,17988],"tags":[28355,28356],"class_list":["post-107823","post","type-post","status-publish","format-standard","has-post-thumbnail","","category-dunya1","category-haberler-arap-uluslararasi-politika","category-son-haberler","tag-garantor-ulkelerin-heyetleri-bir-araya-gelecek","tag-kazakistan-disisleri-bakanligi"],"_links":{"self":[{"href":"https:\/\/archive.sana.sy\/tr\/index.php?rest_route=\/wp\/v2\/posts\/107823","targetHints":{"allow":["GET"]}}],"collection":[{"href":"https:\/\/archive.sana.sy\/tr\/index.php?rest_route=\/wp\/v2\/posts"}],"about":[{"href":"https:\/\/archive.sana.sy\/tr\/index.php?rest_route=\/wp\/v2\/types\/post"}],"author":[{"embeddable":true,"href":"https:\/\/archive.sana.sy\/tr\/index.php?rest_route=\/wp\/v2\/users\/1"}],"replies":[{"embeddable":true,"href":"https:\/\/archive.sana.sy\/tr\/index.php?rest_route=%2Fwp%2Fv2%2Fcomments&post=107823"}],"version-history":[{"count":0,"href":"https:\/\/archive.sana.sy\/tr\/index.php?rest_route=\/wp\/v2\/posts\/107823\/revisions"}],"wp:featuredmedia":[{"embeddable":true,"href":"https:\/\/archive.sana.sy\/tr\/index.php?rest_route=\/wp\/v2\/media\/107832"}],"wp:attachment":[{"href":"https:\/\/archive.sana.sy\/tr\/index.php?rest_route=%2Fwp%2Fv2%2Fmedia&parent=107823"}],"wp:term":[{"taxonomy":"category","embeddable":true,"href":"https:\/\/archive.sana.sy\/tr\/index.php?rest_route=%2Fwp%2Fv2%2Fcategories&post=107823"},{"taxonomy":"post_tag","embeddable":true,"href":"https:\/\/archive.sana.sy\/tr\/index.php?rest_route=%2Fwp%2Fv2%2Ftags&post=107823"}],"curies":[{"name":"wp","href":"https:\/\/api.w.org\/{rel}","templated":true}]}}