{"id":107828,"date":"2017-03-15T09:16:56","date_gmt":"2017-03-15T07:16:56","guid":{"rendered":"http:\/\/www.sana.sy\/tr\/?p=107828"},"modified":"2017-03-15T12:06:32","modified_gmt":"2017-03-15T10:06:32","slug":"rus-tass-haber-ajansi-rus-ve-iran-heyetlerinin-astana-gorusmelerinin-ucuncu-turu-cercevesinde-kendi-aralarinda-ikili-bir-toplanti-duzenleyeceklerini-aktardi","status":"publish","type":"post","link":"https:\/\/archive.sana.sy\/tr\/?p=107828","title":{"rendered":"Rus Tass Haber Ajans\u0131; Rus ve \u0130ran heyetlerinin Astana g\u00f6r\u00fc\u015fmelerinin \u00fc\u00e7\u00fcnc\u00fc turu \u00e7er\u00e7evesinde kendi aralar\u0131nda ikili bir toplant\u0131 d\u00fczenleyeceklerini aktard\u0131"},"content":{"rendered":"<p>Rus Tass Haber Ajans\u0131; Rus ve \u0130ran heyetlerinin Astana g\u00f6r\u00fc\u015fmelerinin \u00fc\u00e7\u00fcnc\u00fc turu \u00e7er\u00e7evesinde kendi aralar\u0131nda ikili bir toplant\u0131 d\u00fczenleyeceklerini aktard\u0131<\/p>\n","protected":false},"excerpt":{"rendered":"<p>Rus Tass Haber Ajans\u0131; Rus ve \u0130ran heyetlerinin Astana g\u00f6r\u00fc\u015fmelerinin \u00fc\u00e7\u00fcnc\u00fc turu \u00e7er\u00e7evesinde kendi aralar\u0131nda ikili bir toplant\u0131 d\u00fczenleyeceklerini aktard\u0131<\/p>\n","protected":false},"author":1,"featured_media":0,"comment_status":"closed","ping_status":"closed","sticky":false,"template":"","format":"standard","meta":{"footnotes":""},"categories":[17991],"tags":[],"class_list":["post-107828","post","type-post","status-publish","format-standard","","category-son-dakika"],"_links":{"self":[{"href":"https:\/\/archive.sana.sy\/tr\/index.php?rest_route=\/wp\/v2\/posts\/107828","targetHints":{"allow":["GET"]}}],"collection":[{"href":"https:\/\/archive.sana.sy\/tr\/index.php?rest_route=\/wp\/v2\/posts"}],"about":[{"href":"https:\/\/archive.sana.sy\/tr\/index.php?rest_route=\/wp\/v2\/types\/post"}],"author":[{"embeddable":true,"href":"https:\/\/archive.sana.sy\/tr\/index.php?rest_route=\/wp\/v2\/users\/1"}],"replies":[{"embeddable":true,"href":"https:\/\/archive.sana.sy\/tr\/index.php?rest_route=%2Fwp%2Fv2%2Fcomments&post=107828"}],"version-history":[{"count":0,"href":"https:\/\/archive.sana.sy\/tr\/index.php?rest_route=\/wp\/v2\/posts\/107828\/revisions"}],"wp:attachment":[{"href":"https:\/\/archive.sana.sy\/tr\/index.php?rest_route=%2Fwp%2Fv2%2Fmedia&parent=107828"}],"wp:term":[{"taxonomy":"category","embeddable":true,"href":"https:\/\/archive.sana.sy\/tr\/index.php?rest_route=%2Fwp%2Fv2%2Fcategories&post=107828"},{"taxonomy":"post_tag","embeddable":true,"href":"https:\/\/archive.sana.sy\/tr\/index.php?rest_route=%2Fwp%2Fv2%2Ftags&post=107828"}],"curies":[{"name":"wp","href":"https:\/\/api.w.org\/{rel}","templated":true}]}}