{"id":107829,"date":"2017-03-15T10:06:19","date_gmt":"2017-03-15T08:06:19","guid":{"rendered":"http:\/\/www.sana.sy\/tr\/?p=107829"},"modified":"2017-03-15T12:56:52","modified_gmt":"2017-03-15T10:56:52","slug":"askeri-kaynak-sanaya-aciklamasinda-vatan-koruyuculari-ordu-birliklerimizin-halep-kirsalinin-dogusu-hava-askeri-akademisinin-guneyi-kutbiye-ve-um-el-arkile-koyleri-eksenlerinde-askeri-mevkiler","status":"publish","type":"post","link":"https:\/\/archive.sana.sy\/tr\/?p=107829","title":{"rendered":"Askeri kaynak SANA\u2019ya a\u00e7\u0131klamas\u0131nda vatan koruyucular\u0131 ordu birliklerimizin Halep k\u0131rsal\u0131n\u0131n do\u011fusu Hava Askeri Akademisinin g\u00fcneyi Kutbiye ve Um el Arkile k\u00f6yleri eksenlerinde askeri mevkilere sald\u0131rmaya \u00e7al\u0131\u015fan I\u015e\u0130D\u2019li radikal ter\u00f6ristlere ba\u015far\u0131yla kar\u015f\u0131 koyduklar\u0131n\u0131 belirtti"},"content":{"rendered":"<p>Askeri kaynak SANA\u2019ya a\u00e7\u0131klamas\u0131nda vatan koruyucular\u0131 ordu birliklerimizin Halep k\u0131rsal\u0131n\u0131n do\u011fusu Hava Askeri Akademisinin g\u00fcneyi Kutbiye ve Um el Arkile k\u00f6yleri eksenlerinde askeri mevkilere sald\u0131rmaya \u00e7al\u0131\u015fan I\u015e\u0130D\u2019li radikal ter\u00f6ristlere ba\u015far\u0131yla kar\u015f\u0131 koyduklar\u0131n\u0131 belirtti<\/p>\n","protected":false},"excerpt":{"rendered":"<p>Askeri kaynak SANA\u2019ya a\u00e7\u0131klamas\u0131nda vatan koruyucular\u0131 ordu birliklerimizin Halep k\u0131rsal\u0131n\u0131n do\u011fusu Hava Askeri Akademisinin g\u00fcneyi Kutbiye ve Um el Arkile k\u00f6yleri eksenlerinde askeri mevkilere sald\u0131rmaya \u00e7al\u0131\u015fan I\u015e\u0130D\u2019li radikal ter\u00f6ristlere ba\u015far\u0131yla kar\u015f\u0131 koyduklar\u0131n\u0131 belirtti<\/p>\n","protected":false},"author":1,"featured_media":0,"comment_status":"closed","ping_status":"closed","sticky":false,"template":"","format":"standard","meta":{"footnotes":""},"categories":[17991],"tags":[],"class_list":["post-107829","post","type-post","status-publish","format-standard","","category-son-dakika"],"_links":{"self":[{"href":"https:\/\/archive.sana.sy\/tr\/index.php?rest_route=\/wp\/v2\/posts\/107829","targetHints":{"allow":["GET"]}}],"collection":[{"href":"https:\/\/archive.sana.sy\/tr\/index.php?rest_route=\/wp\/v2\/posts"}],"about":[{"href":"https:\/\/archive.sana.sy\/tr\/index.php?rest_route=\/wp\/v2\/types\/post"}],"author":[{"embeddable":true,"href":"https:\/\/archive.sana.sy\/tr\/index.php?rest_route=\/wp\/v2\/users\/1"}],"replies":[{"embeddable":true,"href":"https:\/\/archive.sana.sy\/tr\/index.php?rest_route=%2Fwp%2Fv2%2Fcomments&post=107829"}],"version-history":[{"count":0,"href":"https:\/\/archive.sana.sy\/tr\/index.php?rest_route=\/wp\/v2\/posts\/107829\/revisions"}],"wp:attachment":[{"href":"https:\/\/archive.sana.sy\/tr\/index.php?rest_route=%2Fwp%2Fv2%2Fmedia&parent=107829"}],"wp:term":[{"taxonomy":"category","embeddable":true,"href":"https:\/\/archive.sana.sy\/tr\/index.php?rest_route=%2Fwp%2Fv2%2Fcategories&post=107829"},{"taxonomy":"post_tag","embeddable":true,"href":"https:\/\/archive.sana.sy\/tr\/index.php?rest_route=%2Fwp%2Fv2%2Ftags&post=107829"}],"curies":[{"name":"wp","href":"https:\/\/api.w.org\/{rel}","templated":true}]}}