{"id":107833,"date":"2017-03-15T09:00:39","date_gmt":"2017-03-15T07:00:39","guid":{"rendered":"http:\/\/www.sana.sy\/tr\/?p=107833"},"modified":"2017-03-16T16:01:54","modified_gmt":"2017-03-16T14:01:54","slug":"katilip-katilmama-kararinin-ellerinde-olmadigi-belli-oluyor","status":"publish","type":"post","link":"https:\/\/archive.sana.sy\/tr\/?p=107833","title":{"rendered":"Kat\u0131l\u0131p Kat\u0131lmama Karar\u0131n\u0131n Ellerinde Olmad\u0131\u011f\u0131 Belli Oluyor"},"content":{"rendered":"<p>ASTANA \u2013 Kararlar\u0131n\u0131n kendilerinde de\u011fil de, Erdo\u011fan rejimi gibi i\u015fverenlerinin elinde oldu\u011funun yeni bir kan\u0131t\u0131 olarak \u2018silahl\u0131 muhalefet heyeti\u2019 ad\u0131 verilen olu\u015fum, Astana g\u00f6r\u00fc\u015fmelerinin 3. turuna kat\u0131lmama karar\u0131 almas\u0131 ard\u0131ndan d\u00fcn bu g\u00f6r\u00fc\u015fmelere kat\u0131lma karar\u0131 ald\u0131.<\/p>\n<p>Kat\u0131lma ya da kat\u0131lma karar\u0131 i\u015fverenleri taraf\u0131ndan verilen s\u00f6z konusu heyetin, Astana g\u00f6r\u00fc\u015fmelerinin 3. turuna kat\u0131lmak \u00fczere bu ak\u015fam Astana\u2019ya ula\u015faca\u011f\u0131 ilan edildi.<\/p>\n<p>\u00d6l\u00fcm ve y\u0131k\u0131m\u0131n yan\u0131 s\u0131ra Suriyelilerin masum kanlar\u0131yla ticaret yapmay\u0131 meslek edinen s\u00f6z konusu \u2018silahl\u0131 muhalefet heyeti\u2019 i\u015fverenleri Erdo\u011fan rejimi ba\u015fta olmak \u00fczere I\u015e\u0130D ve Nusra Cephesini destekleyip kollamaktalar.<\/p>\n<p>Astana g\u00f6r\u00fc\u015fmelerinin 3. tur g\u00f6r\u00fc\u015fmelerinde Suriye Arap Cumhuriyeti heyet ba\u015fkan\u0131 Be\u015f\u015far el Caferi d\u00fcn yapt\u0131\u011f\u0131 a\u00e7\u0131klamalarda, Erdo\u011fan rejiminin Astana g\u00f6r\u00fc\u015fmelerinin seyrini sabote etmeye \u00e7al\u0131\u015ft\u0131\u011f\u0131n\u0131 vurgulam\u0131\u015f, \u2018silahl\u0131 muhalefet heyetinin\u2019 g\u00f6r\u00fc\u015fmelere kat\u0131lmamas\u0131n\u0131n bu rejim taraf\u0131ndan kararla\u015ft\u0131r\u0131ld\u0131\u011f\u0131n\u0131 belirtmi\u015fti.<\/p>\n","protected":false},"excerpt":{"rendered":"<p>ASTANA \u2013 Kararlar\u0131n\u0131n kendilerinde de\u011fil de, Erdo\u011fan rejimi gibi i\u015fverenlerinin elinde oldu\u011funun yeni bir kan\u0131t\u0131 olarak \u2018silahl\u0131 muhalefet heyeti\u2019 ad\u0131 verilen olu\u015fum, Astana g\u00f6r\u00fc\u015fmelerinin 3. turuna kat\u0131lmama karar\u0131 almas\u0131 ard\u0131ndan d\u00fcn bu g\u00f6r\u00fc\u015fmelere kat\u0131lma karar\u0131 ald\u0131. Kat\u0131lma ya da kat\u0131lma karar\u0131 i\u015fverenleri taraf\u0131ndan verilen s\u00f6z konusu heyetin, Astana g\u00f6r\u00fc\u015fmelerinin 3. turuna kat\u0131lmak \u00fczere bu ak\u015fam &hellip;<\/p>\n","protected":false},"author":1,"featured_media":107834,"comment_status":"closed","ping_status":"closed","sticky":false,"template":"","format":"standard","meta":{"footnotes":""},"categories":[458,459,17988],"tags":[28357],"class_list":["post-107833","post","type-post","status-publish","format-standard","has-post-thumbnail","","category-dunya1","category-haberler-arap-uluslararasi-politika","category-son-haberler","tag-katilip-katilmama-kararinin-ellerinde-olmadigi-belli-oluyor"],"_links":{"self":[{"href":"https:\/\/archive.sana.sy\/tr\/index.php?rest_route=\/wp\/v2\/posts\/107833","targetHints":{"allow":["GET"]}}],"collection":[{"href":"https:\/\/archive.sana.sy\/tr\/index.php?rest_route=\/wp\/v2\/posts"}],"about":[{"href":"https:\/\/archive.sana.sy\/tr\/index.php?rest_route=\/wp\/v2\/types\/post"}],"author":[{"embeddable":true,"href":"https:\/\/archive.sana.sy\/tr\/index.php?rest_route=\/wp\/v2\/users\/1"}],"replies":[{"embeddable":true,"href":"https:\/\/archive.sana.sy\/tr\/index.php?rest_route=%2Fwp%2Fv2%2Fcomments&post=107833"}],"version-history":[{"count":0,"href":"https:\/\/archive.sana.sy\/tr\/index.php?rest_route=\/wp\/v2\/posts\/107833\/revisions"}],"wp:featuredmedia":[{"embeddable":true,"href":"https:\/\/archive.sana.sy\/tr\/index.php?rest_route=\/wp\/v2\/media\/107834"}],"wp:attachment":[{"href":"https:\/\/archive.sana.sy\/tr\/index.php?rest_route=%2Fwp%2Fv2%2Fmedia&parent=107833"}],"wp:term":[{"taxonomy":"category","embeddable":true,"href":"https:\/\/archive.sana.sy\/tr\/index.php?rest_route=%2Fwp%2Fv2%2Fcategories&post=107833"},{"taxonomy":"post_tag","embeddable":true,"href":"https:\/\/archive.sana.sy\/tr\/index.php?rest_route=%2Fwp%2Fv2%2Ftags&post=107833"}],"curies":[{"name":"wp","href":"https:\/\/api.w.org\/{rel}","templated":true}]}}