{"id":107837,"date":"2017-03-15T10:33:13","date_gmt":"2017-03-15T08:33:13","guid":{"rendered":"http:\/\/www.sana.sy\/tr\/?p=107837"},"modified":"2017-03-15T12:58:03","modified_gmt":"2017-03-15T10:58:03","slug":"askeri-kaynak-hava-guclerimizin-deyrezzorun-mutatavila-milat-celili-allus-ve-teysir-tepelerine-ilaveten-fabrikalar-ve-mekabbat-eksenlerinde-isidin-karargahlari-araclari-ve-siper","status":"publish","type":"post","link":"https:\/\/archive.sana.sy\/tr\/?p=107837","title":{"rendered":"Askeri kaynak; hava g\u00fc\u00e7lerimizin Deyrezzor\u2019un Mutatavila, Milat, Celili, Allu\u015f ve Teysir tepelerine ilaveten fabrikalar ve Mekabbat eksenlerinde I\u015e\u0130D\u2019in karargahlar\u0131, ara\u00e7lar\u0131 ve siperlerini muhtevalar\u0131yla imha ettiklerini aktard\u0131"},"content":{"rendered":"<p>Askeri kaynak; hava g\u00fc\u00e7lerimizin Deyrezzor\u2019un Mutatavila, Milat, Celili, Allu\u015f ve Teysir tepelerine ilaveten fabrikalar ve Mekabbat eksenlerinde I\u015e\u0130D\u2019in karargahlar\u0131, ara\u00e7lar\u0131 ve siperlerini muhtevalar\u0131yla imha ettiklerini aktard\u0131<\/p>\n","protected":false},"excerpt":{"rendered":"<p>Askeri kaynak; hava g\u00fc\u00e7lerimizin Deyrezzor\u2019un Mutatavila, Milat, Celili, Allu\u015f ve Teysir tepelerine ilaveten fabrikalar ve Mekabbat eksenlerinde I\u015e\u0130D\u2019in karargahlar\u0131, ara\u00e7lar\u0131 ve siperlerini muhtevalar\u0131yla imha ettiklerini aktard\u0131<\/p>\n","protected":false},"author":1,"featured_media":0,"comment_status":"closed","ping_status":"closed","sticky":false,"template":"","format":"standard","meta":{"footnotes":""},"categories":[17991],"tags":[],"class_list":["post-107837","post","type-post","status-publish","format-standard","","category-son-dakika"],"_links":{"self":[{"href":"https:\/\/archive.sana.sy\/tr\/index.php?rest_route=\/wp\/v2\/posts\/107837","targetHints":{"allow":["GET"]}}],"collection":[{"href":"https:\/\/archive.sana.sy\/tr\/index.php?rest_route=\/wp\/v2\/posts"}],"about":[{"href":"https:\/\/archive.sana.sy\/tr\/index.php?rest_route=\/wp\/v2\/types\/post"}],"author":[{"embeddable":true,"href":"https:\/\/archive.sana.sy\/tr\/index.php?rest_route=\/wp\/v2\/users\/1"}],"replies":[{"embeddable":true,"href":"https:\/\/archive.sana.sy\/tr\/index.php?rest_route=%2Fwp%2Fv2%2Fcomments&post=107837"}],"version-history":[{"count":0,"href":"https:\/\/archive.sana.sy\/tr\/index.php?rest_route=\/wp\/v2\/posts\/107837\/revisions"}],"wp:attachment":[{"href":"https:\/\/archive.sana.sy\/tr\/index.php?rest_route=%2Fwp%2Fv2%2Fmedia&parent=107837"}],"wp:term":[{"taxonomy":"category","embeddable":true,"href":"https:\/\/archive.sana.sy\/tr\/index.php?rest_route=%2Fwp%2Fv2%2Fcategories&post=107837"},{"taxonomy":"post_tag","embeddable":true,"href":"https:\/\/archive.sana.sy\/tr\/index.php?rest_route=%2Fwp%2Fv2%2Ftags&post=107837"}],"curies":[{"name":"wp","href":"https:\/\/api.w.org\/{rel}","templated":true}]}}