{"id":107839,"date":"2017-03-15T10:37:43","date_gmt":"2017-03-15T08:37:43","guid":{"rendered":"http:\/\/www.sana.sy\/tr\/?p=107839"},"modified":"2017-03-15T12:58:40","modified_gmt":"2017-03-15T10:58:40","slug":"operasyonlarda-aralarinda-saha-komutanlari-ve-yabancilarin-bulundugu-yuksek-sayida-tekfircinin-olu-yarali-dusuruldugunu-belirten-kaynak-komuta-karargahlarinin-yani-sira-bir-kismi-zirhli-bir-kismi-da","status":"publish","type":"post","link":"https:\/\/archive.sana.sy\/tr\/?p=107839","title":{"rendered":"Operasyonlarda aralar\u0131nda saha komutanlar\u0131 ve yabanc\u0131lar\u0131n bulundu\u011fu y\u00fcksek say\u0131da tekfircinin \u00f6l\u00fc yaral\u0131 d\u00fc\u015f\u00fcr\u00fcld\u00fc\u011f\u00fcn\u00fc belirten kaynak, komuta karargahlar\u0131n\u0131n yan\u0131 s\u0131ra bir k\u0131sm\u0131 z\u0131rhl\u0131, bir k\u0131sm\u0131 da a\u011f\u0131r silahlarla dolu bir\u00e7ok arac\u0131n imha edildi\u011fine dikkat \u00e7ekti"},"content":{"rendered":"<p>Operasyonlarda aralar\u0131nda saha komutanlar\u0131 ve yabanc\u0131lar\u0131n bulundu\u011fu y\u00fcksek say\u0131da tekfircinin \u00f6l\u00fc yaral\u0131 d\u00fc\u015f\u00fcr\u00fcld\u00fc\u011f\u00fcn\u00fc belirten kaynak, komuta karargahlar\u0131n\u0131n yan\u0131 s\u0131ra bir k\u0131sm\u0131 z\u0131rhl\u0131, bir k\u0131sm\u0131 da a\u011f\u0131r silahlarla dolu bir\u00e7ok arac\u0131n imha edildi\u011fine dikkat \u00e7ekti<\/p>\n","protected":false},"excerpt":{"rendered":"<p>Operasyonlarda aralar\u0131nda saha komutanlar\u0131 ve yabanc\u0131lar\u0131n bulundu\u011fu y\u00fcksek say\u0131da tekfircinin \u00f6l\u00fc yaral\u0131 d\u00fc\u015f\u00fcr\u00fcld\u00fc\u011f\u00fcn\u00fc belirten kaynak, komuta karargahlar\u0131n\u0131n yan\u0131 s\u0131ra bir k\u0131sm\u0131 z\u0131rhl\u0131, bir k\u0131sm\u0131 da a\u011f\u0131r silahlarla dolu bir\u00e7ok arac\u0131n imha edildi\u011fine dikkat \u00e7ekti<\/p>\n","protected":false},"author":1,"featured_media":0,"comment_status":"closed","ping_status":"closed","sticky":false,"template":"","format":"standard","meta":{"footnotes":""},"categories":[17991],"tags":[],"class_list":["post-107839","post","type-post","status-publish","format-standard","","category-son-dakika"],"_links":{"self":[{"href":"https:\/\/archive.sana.sy\/tr\/index.php?rest_route=\/wp\/v2\/posts\/107839","targetHints":{"allow":["GET"]}}],"collection":[{"href":"https:\/\/archive.sana.sy\/tr\/index.php?rest_route=\/wp\/v2\/posts"}],"about":[{"href":"https:\/\/archive.sana.sy\/tr\/index.php?rest_route=\/wp\/v2\/types\/post"}],"author":[{"embeddable":true,"href":"https:\/\/archive.sana.sy\/tr\/index.php?rest_route=\/wp\/v2\/users\/1"}],"replies":[{"embeddable":true,"href":"https:\/\/archive.sana.sy\/tr\/index.php?rest_route=%2Fwp%2Fv2%2Fcomments&post=107839"}],"version-history":[{"count":0,"href":"https:\/\/archive.sana.sy\/tr\/index.php?rest_route=\/wp\/v2\/posts\/107839\/revisions"}],"wp:attachment":[{"href":"https:\/\/archive.sana.sy\/tr\/index.php?rest_route=%2Fwp%2Fv2%2Fmedia&parent=107839"}],"wp:term":[{"taxonomy":"category","embeddable":true,"href":"https:\/\/archive.sana.sy\/tr\/index.php?rest_route=%2Fwp%2Fv2%2Fcategories&post=107839"},{"taxonomy":"post_tag","embeddable":true,"href":"https:\/\/archive.sana.sy\/tr\/index.php?rest_route=%2Fwp%2Fv2%2Ftags&post=107839"}],"curies":[{"name":"wp","href":"https:\/\/api.w.org\/{rel}","templated":true}]}}