{"id":107847,"date":"2017-03-15T19:02:15","date_gmt":"2017-03-15T17:02:15","guid":{"rendered":"http:\/\/www.sana.sy\/tr\/?p=107847"},"modified":"2017-03-16T13:47:35","modified_gmt":"2017-03-16T11:47:35","slug":"saldirgan-tekfirciler-agir-kayiplara-ugratildi","status":"publish","type":"post","link":"https:\/\/archive.sana.sy\/tr\/?p=107847","title":{"rendered":"Sald\u0131rgan Tekfirciler A\u011f\u0131r Kay\u0131plara U\u011frat\u0131ld\u0131"},"content":{"rendered":"<p>\u0130LLER \u2013 Muhtelif b\u00f6lgelerde askeri ve sivil mevkilere sald\u0131rmaya \u00e7al\u0131\u015fan tekfirci ve hain ter\u00f6ristlere kar\u015f\u0131 koyan ordu birliklerimiz, belli ba\u015fl\u0131 rejimlerin destek ve komutas\u0131nda hareket eden bu \u00e7eteleri yine ciddi kay\u0131plara u\u011fratt\u0131.<\/p>\n<p><span style=\"color: #0000ff\">HALEP:<\/span><\/p>\n<p>Askeri kaynak SANA\u2019ya a\u00e7\u0131klamas\u0131nda vatan koruyucular\u0131 ordu birliklerimizin Halep k\u0131rsal\u0131n\u0131n do\u011fusu Hava Askeri Akademisinin g\u00fcneyi Kutbiye ve Um el Arkile k\u00f6yleri eksenlerinde askeri mevkilere sald\u0131rmaya \u00e7al\u0131\u015fan I\u015e\u0130D\u2019li radikal ter\u00f6ristlere ba\u015far\u0131yla kar\u015f\u0131 koyduklar\u0131n\u0131 belirtti. Kaynak ya\u015fanan \u015fiddetli \u00e7at\u0131\u015fmalarda sald\u0131rgan ter\u00f6ristlerin cephaneleri ve ara\u00e7lar\u0131yla tamamen etkisiz hale getirildiklerini kaydetti.<\/p>\n<p><span style=\"color: #0000ff\">DEYREZZOR:<\/span><\/p>\n<p>Bu arada askeri kaynak; hava g\u00fc\u00e7lerimizin Deyrezzor\u2019un Mutatavila, Milat, Celili, Allu\u015f ve Teysir tepelerine ilaveten fabrikalar ve Mekabbat eksenlerinde I\u015e\u0130D\u2019in karargahlar\u0131, ara\u00e7lar\u0131 ve siperlerini muhtevalar\u0131yla imha ettiklerini aktard\u0131. Operasyonlarda aralar\u0131nda saha komutanlar\u0131 ve yabanc\u0131lar\u0131n bulundu\u011fu y\u00fcksek say\u0131da tekfircinin \u00f6l\u00fc yaral\u0131 d\u00fc\u015f\u00fcr\u00fcld\u00fc\u011f\u00fcn\u00fc belirten kaynak, komuta karargahlar\u0131n\u0131n yan\u0131 s\u0131ra bir k\u0131sm\u0131 z\u0131rhl\u0131, bir k\u0131sm\u0131 da a\u011f\u0131r silahlarla dolu bir\u00e7ok arac\u0131n imha edildi\u011fine dikkat \u00e7ekti.<\/p>\n<p><span style=\"color: #0000ff\">HOMS:<\/span><\/p>\n<p>Di\u011fer yandan askeri kaynak; Homs \u0130linin do\u011fusunda I\u015e\u0130D\u2019e kar\u015f\u0131 operasyonlar\u0131n\u0131 ba\u015far\u0131yla s\u00fcrd\u00fcren ordu birliklerimizin bug\u00fcn Tedmur \u2013 Palmira\u2019n\u0131n yakla\u015f\u0131k 18 km do\u011fusunda yer alan Ahmar Vadisini tamamen kontrollerine ald\u0131klar\u0131n\u0131 belirtti.<\/p>\n<p>Kaynak yo\u011fun ve nitelikli operasyonlarda onlarca ter\u00f6ristin cephane ve ara\u00e7lar\u0131yla etkisiz hale getirilmeleri ard\u0131ndan sa\u011f kalanlar\u0131n Badiye\u2019nin derinliklerine ka\u00e7t\u0131klar\u0131n\u0131 kaydetti.<\/p>\n<p>Bomba imha ekiplerinin b\u00f6lgede h\u0131zl\u0131 bir arama tarama operasyonu ba\u011flat\u0131p bomba d\u00fczenekleri ve may\u0131nlardan temizlediklerini belirten kaynak, ordu birliklerimizin b\u00f6lgede konu\u015fland\u0131klar\u0131na dikkat \u00e7ekti.<\/p>\n<p>G\u00fcn\u00fcn ilerleyen saatlerinde a\u00e7\u0131klama yapan askeri kaynak; hava g\u00fc\u00e7lerimizin Homs \u0130linin do\u011fusu Suhna Kasabas\u0131 ve Savvana civarlar\u0131na ilaveten Erk ve Cbab Hamad B\u00f6lgelerinde I\u015e\u0130D\u2019e ait 3 ana komuta karargah\u0131n\u0131n yan\u0131 s\u0131ra bir k\u0131sm\u0131 a\u011f\u0131r silahlarla donat\u0131lm\u0131\u015f, bir k\u0131sm\u0131 da z\u0131rhl\u0131 olan onlarca arac\u0131 imha ettiklerini aktard\u0131.<\/p>\n<p>Ak\u015fam saatlerinde a\u00e7\u0131klama yapan bir kaynak; ordu birliklerimizin Homs \u0130line tabi Tedmur k\u0131rsal\u0131n\u0131n kuzeydo\u011fusu Hura Kalesinde I\u015e\u0130D\u2019li ter\u00f6ristleri say\u0131 ve te\u00e7hizatlar\u0131yla birlikte a\u011f\u0131r kay\u0131plara u\u011fratmalar\u0131 ard\u0131ndan kaleyi kontrollerine ge\u00e7irdiklerini belirtti.<\/p>\n","protected":false},"excerpt":{"rendered":"<p>\u0130LLER \u2013 Muhtelif b\u00f6lgelerde askeri ve sivil mevkilere sald\u0131rmaya \u00e7al\u0131\u015fan tekfirci ve hain ter\u00f6ristlere kar\u015f\u0131 koyan ordu birliklerimiz, belli ba\u015fl\u0131 rejimlerin destek ve komutas\u0131nda hareket eden bu \u00e7eteleri yine ciddi kay\u0131plara u\u011fratt\u0131. HALEP: Askeri kaynak SANA\u2019ya a\u00e7\u0131klamas\u0131nda vatan koruyucular\u0131 ordu birliklerimizin Halep k\u0131rsal\u0131n\u0131n do\u011fusu Hava Askeri Akademisinin g\u00fcneyi Kutbiye ve Um el Arkile k\u00f6yleri eksenlerinde &hellip;<\/p>\n","protected":false},"author":1,"featured_media":107850,"comment_status":"closed","ping_status":"closed","sticky":false,"template":"","format":"standard","meta":{"footnotes":""},"categories":[479,575,17988,478],"tags":[3464,18365,18237,18576,18577,24003,2318,15945,18347,18674,11549,19043,28358,19325,19034,28327],"class_list":["post-107847","post","type-post","status-publish","format-standard","has-post-thumbnail","","category-haberler-yerel","category-olaylar-ve-gercekler","category-son-haberler","category-yerel","tag-nusra-cephesi","tag-ahrar-el-sam","tag-cihatcilar","tag-daes","tag-deas","tag-fetih-el-sam","tag-isid","tag-ilimli-muhalifler","tag-oso","tag-silahli-muhalifler","tag-suriye-ordusu","tag-suriyede-son-durum","tag-suriyede-sabvas","tag-suriyeli-devrimciler","tag-suriyeli-muhalifler","tag-tahrir-el-sam"],"_links":{"self":[{"href":"https:\/\/archive.sana.sy\/tr\/index.php?rest_route=\/wp\/v2\/posts\/107847","targetHints":{"allow":["GET"]}}],"collection":[{"href":"https:\/\/archive.sana.sy\/tr\/index.php?rest_route=\/wp\/v2\/posts"}],"about":[{"href":"https:\/\/archive.sana.sy\/tr\/index.php?rest_route=\/wp\/v2\/types\/post"}],"author":[{"embeddable":true,"href":"https:\/\/archive.sana.sy\/tr\/index.php?rest_route=\/wp\/v2\/users\/1"}],"replies":[{"embeddable":true,"href":"https:\/\/archive.sana.sy\/tr\/index.php?rest_route=%2Fwp%2Fv2%2Fcomments&post=107847"}],"version-history":[{"count":0,"href":"https:\/\/archive.sana.sy\/tr\/index.php?rest_route=\/wp\/v2\/posts\/107847\/revisions"}],"wp:featuredmedia":[{"embeddable":true,"href":"https:\/\/archive.sana.sy\/tr\/index.php?rest_route=\/wp\/v2\/media\/107850"}],"wp:attachment":[{"href":"https:\/\/archive.sana.sy\/tr\/index.php?rest_route=%2Fwp%2Fv2%2Fmedia&parent=107847"}],"wp:term":[{"taxonomy":"category","embeddable":true,"href":"https:\/\/archive.sana.sy\/tr\/index.php?rest_route=%2Fwp%2Fv2%2Fcategories&post=107847"},{"taxonomy":"post_tag","embeddable":true,"href":"https:\/\/archive.sana.sy\/tr\/index.php?rest_route=%2Fwp%2Fv2%2Ftags&post=107847"}],"curies":[{"name":"wp","href":"https:\/\/api.w.org\/{rel}","templated":true}]}}