{"id":107849,"date":"2017-03-15T13:02:37","date_gmt":"2017-03-15T11:02:37","guid":{"rendered":"http:\/\/www.sana.sy\/tr\/?p=107849"},"modified":"2017-03-15T13:11:02","modified_gmt":"2017-03-15T11:11:02","slug":"suriyedeki-krizin-siyasi-cozumu-amaciyla-kazakistanin-baskenti-astanada-yapilan-suriye-gorusmelerinde-suriye-arap-cumhuriyeti-heyeti-baskani-bessar-el-caferi-gorusmelerin-seyri-ha","status":"publish","type":"post","link":"https:\/\/archive.sana.sy\/tr\/?p=107849","title":{"rendered":"Suriye&#8217;deki krizin siyasi \u00e7\u00f6z\u00fcm\u00fc amac\u0131yla Kazakistan\u2019\u0131n ba\u015fkenti Astana\u2019da yap\u0131lan Suriye g\u00f6r\u00fc\u015fmelerinde Suriye Arap Cumhuriyeti heyeti ba\u015fkan\u0131 Be\u015f\u015far el Caferi, g\u00f6r\u00fc\u015fmelerin seyri hakk\u0131nda bas\u0131n a\u00e7\u0131klamalar\u0131 yapt\u0131"},"content":{"rendered":"<p>Suriye&#8217;deki krizin siyasi \u00e7\u00f6z\u00fcm\u00fc amac\u0131yla Kazakistan\u2019\u0131n ba\u015fkenti Astana\u2019da yap\u0131lan Suriye g\u00f6r\u00fc\u015fmelerinde Suriye Arap Cumhuriyeti heyeti ba\u015fkan\u0131 Be\u015f\u015far el Caferi, g\u00f6r\u00fc\u015fmelerin seyri hakk\u0131nda bas\u0131n a\u00e7\u0131klamalar\u0131 yapt\u0131<\/p>\n","protected":false},"excerpt":{"rendered":"<p>Suriye&#8217;deki krizin siyasi \u00e7\u00f6z\u00fcm\u00fc amac\u0131yla Kazakistan\u2019\u0131n ba\u015fkenti Astana\u2019da yap\u0131lan Suriye g\u00f6r\u00fc\u015fmelerinde Suriye Arap Cumhuriyeti heyeti ba\u015fkan\u0131 Be\u015f\u015far el Caferi, g\u00f6r\u00fc\u015fmelerin seyri hakk\u0131nda bas\u0131n a\u00e7\u0131klamalar\u0131 yapt\u0131<\/p>\n","protected":false},"author":1,"featured_media":0,"comment_status":"closed","ping_status":"closed","sticky":false,"template":"","format":"standard","meta":{"footnotes":""},"categories":[17991],"tags":[],"class_list":["post-107849","post","type-post","status-publish","format-standard","","category-son-dakika"],"_links":{"self":[{"href":"https:\/\/archive.sana.sy\/tr\/index.php?rest_route=\/wp\/v2\/posts\/107849","targetHints":{"allow":["GET"]}}],"collection":[{"href":"https:\/\/archive.sana.sy\/tr\/index.php?rest_route=\/wp\/v2\/posts"}],"about":[{"href":"https:\/\/archive.sana.sy\/tr\/index.php?rest_route=\/wp\/v2\/types\/post"}],"author":[{"embeddable":true,"href":"https:\/\/archive.sana.sy\/tr\/index.php?rest_route=\/wp\/v2\/users\/1"}],"replies":[{"embeddable":true,"href":"https:\/\/archive.sana.sy\/tr\/index.php?rest_route=%2Fwp%2Fv2%2Fcomments&post=107849"}],"version-history":[{"count":0,"href":"https:\/\/archive.sana.sy\/tr\/index.php?rest_route=\/wp\/v2\/posts\/107849\/revisions"}],"wp:attachment":[{"href":"https:\/\/archive.sana.sy\/tr\/index.php?rest_route=%2Fwp%2Fv2%2Fmedia&parent=107849"}],"wp:term":[{"taxonomy":"category","embeddable":true,"href":"https:\/\/archive.sana.sy\/tr\/index.php?rest_route=%2Fwp%2Fv2%2Fcategories&post=107849"},{"taxonomy":"post_tag","embeddable":true,"href":"https:\/\/archive.sana.sy\/tr\/index.php?rest_route=%2Fwp%2Fv2%2Ftags&post=107849"}],"curies":[{"name":"wp","href":"https:\/\/api.w.org\/{rel}","templated":true}]}}