{"id":107863,"date":"2017-03-15T15:30:38","date_gmt":"2017-03-15T13:30:38","guid":{"rendered":"http:\/\/www.sana.sy\/tr\/?p=107863"},"modified":"2017-03-16T13:47:13","modified_gmt":"2017-03-16T11:47:13","slug":"hicbir-resmi-belge-tartisilmadi","status":"publish","type":"post","link":"https:\/\/archive.sana.sy\/tr\/?p=107863","title":{"rendered":"Hi\u00e7bir Resmi Belge Tart\u0131\u015f\u0131lmad\u0131"},"content":{"rendered":"<p>ASTANA \u2013 Suriye&#8217;deki krizin siyasi \u00e7\u00f6z\u00fcm\u00fc amac\u0131yla Kazakistan\u2019\u0131n ba\u015fkenti Astana\u2019da yap\u0131lan Suriye g\u00f6r\u00fc\u015fmelerinde Suriye Arap Cumhuriyeti heyeti ba\u015fkan\u0131 Be\u015f\u015far el Caferi, g\u00f6r\u00fc\u015fmelerin seyri hakk\u0131nda bas\u0131n a\u00e7\u0131klamalar\u0131 yapt\u0131.<\/p>\n<p>Caferi bas\u0131n a\u00e7\u0131klamalar\u0131nda, Astana g\u00f6r\u00fc\u015fmelerinin \u00fc\u00e7\u00fcnc\u00fc turunun, T\u00fcrkiye rejiminin bu g\u00f6r\u00fc\u015fmeleri ve siyasi \u00e7\u00f6z\u00fcm\u00fc sabote etme amac\u0131 nedeniyle silahl\u0131 ter\u00f6r \u00f6rg\u00fctleri heyetinin kat\u0131l\u0131m\u0131 olmadan yap\u0131ld\u0131\u011f\u0131n\u0131 belirtti. Heyet ba\u015fkan\u0131 Caferi, fakat Rusya ve \u0130ran heyetlerinin \u00e7abalar\u0131n\u0131n yan\u0131 s\u0131ra Suriye h\u00fck\u00fcmet heyetinin ciddiyeti sayesinde T\u00fcrkiye rejiminin Astana s\u00fcrecini sabote edemedi\u011fini kaydetti.<\/p>\n<p>Caferi; Astana g\u00f6r\u00fc\u015fmelerinin bu turunun ba\u015far\u0131l\u0131 olmas\u0131 i\u00e7in ve r\u0131za g\u00f6recek sonu\u00e7lar\u0131n al\u0131nmas\u0131 i\u00e7in Suriye heyetinin dost ve m\u00fcttefik Rus ve \u0130ranl\u0131lar ile i\u015fbirli\u011fi i\u00e7inde olduk\u00e7a yo\u011fun \u00e7abalar harcad\u0131klar\u0131n\u0131 belirtti.<\/p>\n<p>Astana g\u00f6r\u00fc\u015fmelerinin \u00fc\u00e7\u00fcnc\u00fc turunda hi\u00e7bir resmi belgenin takdim edilmedi\u011fine dikkat \u00e7eken Caferi; sadece bir dizi meselede d\u00fc\u015f\u00fcncelerin ifade edildi\u011fini ifade etti.<\/p>\n<p>Caferi Rus heyetle, Tedmur \u2013 Palmira B\u00f6lgesinden may\u0131n ve bomba d\u00fczeneklerinin temizlenmesi ili\u015fkin sadece bir meselenin ele al\u0131nd\u0131\u011f\u0131n\u0131 ve heyetin bu konuda g\u00f6r\u00fc\u015f\u00fcn\u00fc ifade etti\u011fini kaydetti.<\/p>\n<p>Caferi; Astana g\u00f6r\u00fc\u015fmelerinin 3. turunda Suriye&#8217;de \u00e7at\u0131\u015fmalar\u0131n durdurulmas\u0131n\u0131 peki\u015ftirme ve ter\u00f6rle m\u00fccadele \u00e7abalar\u0131n\u0131n koordine edilmesinin yan\u0131 s\u0131ra \u00e7at\u0131\u015fmalar\u0131n durdurulmas\u0131n\u0131 kabul eden silahl\u0131 gruplar ile kabul etmeyen ter\u00f6rist gruplar\u0131 birbirlerinden ay\u0131rma konusunda bir dizi meselenin Rus ve \u0130ranl\u0131 dostlarla temaslar\u0131n yap\u0131ld\u0131\u011f\u0131n\u0131 belirtti. Caferi ayn\u0131 zamanda I\u015e\u0130D ve Nusra Cephesi ile di\u011fer silahl\u0131 gruplar\u0131 birbirinden ay\u0131rma konusunda da temaslar\u0131n yap\u0131ld\u0131\u011f\u0131n\u0131 kaydetti.<\/p>\n<p>Suriye heyetinin; Suriyeli kanlar\u0131n ak\u0131t\u0131lmas\u0131na son verme ve ter\u00f6re s\u0131n\u0131r koyma konusunda her gayrete ve \u00e7abaya haz\u0131r oldu\u011funu vurgulad\u0131\u011f\u0131n\u0131 ifade eden Caferi; bu konuda yo\u011fun \u00e7abalar harcand\u0131\u011f\u0131n\u0131 da belirtti.<\/p>\n<p>\u2018Silahl\u0131 muhalefet\u2019 heyetinin Astana g\u00f6r\u00fc\u015fmelerinin \u00fc\u00e7\u00fcnc\u00fc turuna kat\u0131lmamas\u0131n\u0131n, \u00e7at\u0131\u015fmalar\u0131n durdurulmas\u0131 anla\u015fmas\u0131ndan \u00e7ekildi\u011fi anlam\u0131na gelip gelmedi\u011fine ili\u015fkin bir soruya cevab\u0131nda Caferi; bu analizin do\u011fru oldu\u011funu s\u00f6yledi.<\/p>\n<p>Caferi g\u00f6r\u00fc\u015fmelerin ciddiyetine ba\u011fl\u0131 kal\u0131nmas\u0131 gere\u011fine dikkat \u00e7ekerken, \u2018silahl\u0131 muhalefet\u2019 heyetinin bu sorumsuzlu\u011fu ve ciddiyetsizli\u011fi nedeniyle hesap verme sorumlulu\u011funun ise garant\u00f6r devletlerin sorumlulu\u011fu oldu\u011funu belirtti.<\/p>\n<p>Astana g\u00f6r\u00fc\u015fmelerinin \u00fc\u00e7\u00fcnc\u00fc turunda anayasa komitesinin te\u015fkil edilmesi meselesinin ele al\u0131n\u0131p al\u0131nmad\u0131\u011f\u0131na ili\u015fkin soruya cevab\u0131nda ise Caferi, bu meselenin kesinlikle \u00f6ne s\u00fcr\u00fclmedi\u011fini ve tart\u0131\u015f\u0131lmad\u0131\u011f\u0131n\u0131 vurgulad\u0131.<\/p>\n<p><span style=\"color: #0000ff\">Anayasaya \u0130li\u015fkin Ek Bir Oturum D\u00fczenledik<\/span><\/p>\n<p>Astana g\u00f6r\u00fc\u015fmelerinde Suriye Arap Cumhuriyeti heyeti ba\u015fkan\u0131 Be\u015f\u015far el Caferi; heyetin, Astana g\u00f6r\u00fc\u015fmelerinin 3. turu kapsam\u0131nda Rus heyet ile ek bir oturum d\u00fczenledi\u011fini kaydetti.<\/p>\n<p>Bas\u0131n a\u00e7\u0131klamalar\u0131nda Caferi; ek oturumda anayasaya ili\u015fkin \u00f6neriler dinledi\u011fini a\u00e7\u0131klarken, heyetin bu konuda tart\u0131\u015fma s\u00fcrecinde olan d\u00fc\u015f\u00fcnceleri bulundu\u011funu belirtti.<\/p>\n<p>G\u00fcn\u00fcn erken saatlerinde d\u00fczenledi\u011fi bas\u0131n konferans\u0131na ek olarak bu a\u00e7\u0131klamay\u0131 eklemek istedi\u011fine dikkat \u00e7eken Caferi; bu meselenin daha \u00f6nce iki g\u00fcn s\u00fcren g\u00f6r\u00fc\u015fmelerin g\u00fcndeminde yer almayan bir konu oldu\u011funa ve ek bir oturumla ele al\u0131nd\u0131\u011f\u0131na i\u015faret etti.<\/p>\n<p>&nbsp;<\/p>\n","protected":false},"excerpt":{"rendered":"<p>ASTANA \u2013 Suriye&#8217;deki krizin siyasi \u00e7\u00f6z\u00fcm\u00fc amac\u0131yla Kazakistan\u2019\u0131n ba\u015fkenti Astana\u2019da yap\u0131lan Suriye g\u00f6r\u00fc\u015fmelerinde Suriye Arap Cumhuriyeti heyeti ba\u015fkan\u0131 Be\u015f\u015far el Caferi, g\u00f6r\u00fc\u015fmelerin seyri hakk\u0131nda bas\u0131n a\u00e7\u0131klamalar\u0131 yapt\u0131. Caferi bas\u0131n a\u00e7\u0131klamalar\u0131nda, Astana g\u00f6r\u00fc\u015fmelerinin \u00fc\u00e7\u00fcnc\u00fc turunun, T\u00fcrkiye rejiminin bu g\u00f6r\u00fc\u015fmeleri ve siyasi \u00e7\u00f6z\u00fcm\u00fc sabote etme amac\u0131 nedeniyle silahl\u0131 ter\u00f6r \u00f6rg\u00fctleri heyetinin kat\u0131l\u0131m\u0131 olmadan yap\u0131ld\u0131\u011f\u0131n\u0131 belirtti. Heyet ba\u015fkan\u0131 &hellip;<\/p>\n","protected":false},"author":1,"featured_media":107864,"comment_status":"closed","ping_status":"closed","sticky":false,"template":"","format":"standard","meta":{"footnotes":""},"categories":[458,459,17988,2554,2555],"tags":[26400,18867,17256,18731,18674,12240,19043,26615,26877,19034,27928,28361],"class_list":["post-107863","post","type-post","status-publish","format-standard","has-post-thumbnail","","category-dunya1","category-haberler-arap-uluslararasi-politika","category-son-haberler","category-suriye-ve-dunya","category-suriye-ve-turkiye","tag-astana-gorusmeleri","tag-bessar-el-caferi","tag-bessar-el-esad","tag-muhalefet-heyeti","tag-silahli-muhalifler","tag-suriye-hukumeti","tag-suriyede-son-durum","tag-suriyede-baris-gorusmeleri","tag-suriyede-savai","tag-suriyeli-muhalifler","tag-suriyeliler-arasi-gorusmeler","tag-syasi-cozum"],"_links":{"self":[{"href":"https:\/\/archive.sana.sy\/tr\/index.php?rest_route=\/wp\/v2\/posts\/107863","targetHints":{"allow":["GET"]}}],"collection":[{"href":"https:\/\/archive.sana.sy\/tr\/index.php?rest_route=\/wp\/v2\/posts"}],"about":[{"href":"https:\/\/archive.sana.sy\/tr\/index.php?rest_route=\/wp\/v2\/types\/post"}],"author":[{"embeddable":true,"href":"https:\/\/archive.sana.sy\/tr\/index.php?rest_route=\/wp\/v2\/users\/1"}],"replies":[{"embeddable":true,"href":"https:\/\/archive.sana.sy\/tr\/index.php?rest_route=%2Fwp%2Fv2%2Fcomments&post=107863"}],"version-history":[{"count":0,"href":"https:\/\/archive.sana.sy\/tr\/index.php?rest_route=\/wp\/v2\/posts\/107863\/revisions"}],"wp:featuredmedia":[{"embeddable":true,"href":"https:\/\/archive.sana.sy\/tr\/index.php?rest_route=\/wp\/v2\/media\/107864"}],"wp:attachment":[{"href":"https:\/\/archive.sana.sy\/tr\/index.php?rest_route=%2Fwp%2Fv2%2Fmedia&parent=107863"}],"wp:term":[{"taxonomy":"category","embeddable":true,"href":"https:\/\/archive.sana.sy\/tr\/index.php?rest_route=%2Fwp%2Fv2%2Fcategories&post=107863"},{"taxonomy":"post_tag","embeddable":true,"href":"https:\/\/archive.sana.sy\/tr\/index.php?rest_route=%2Fwp%2Fv2%2Ftags&post=107863"}],"curies":[{"name":"wp","href":"https:\/\/api.w.org\/{rel}","templated":true}]}}