{"id":107874,"date":"2017-03-15T10:30:17","date_gmt":"2017-03-15T08:30:17","guid":{"rendered":"http:\/\/www.sana.sy\/tr\/?p=107874"},"modified":"2017-03-16T16:00:58","modified_gmt":"2017-03-16T14:00:58","slug":"astana-gorusmelerinin-3-turu-sona-erdi","status":"publish","type":"post","link":"https:\/\/archive.sana.sy\/tr\/?p=107874","title":{"rendered":"Astana G\u00f6r\u00fc\u015fmelerinin 3. Turu Sona Erdi"},"content":{"rendered":"<p>ASTANA \u2013 Kazakistan D\u0131\u015fi\u015fleri Bakan\u0131 Khirat Abdrakhmanov; Suriye&#8217;deki krizin siyasi yollarla \u00e7\u00f6z\u00fclmesi amac\u0131yla ba\u015fkent Astana\u2019da yap\u0131lan Suriye g\u00f6r\u00fc\u015fmelerinin \u00fc\u00e7\u00fcnc\u00fc turu bitiminde bas\u0131n konferans\u0131 d\u00fczenledi.<\/p>\n<p>Bas\u0131n konferans\u0131nda Abdrakhmanov; Astana g\u00f6r\u00fc\u015fmelerinin, Suriye&#8217;deki krizin \u00e7\u00f6z\u00fcm\u00fc y\u00f6n\u00fcnde belirli sonu\u00e7lar verdi\u011fini ve \u00e7\u00f6z\u00fcm\u00fcn sa\u011flanmas\u0131nda umut \u0131\u015f\u0131\u011f\u0131 verdi\u011fini s\u00f6yledi.<\/p>\n<p>Astana g\u00f6r\u00fc\u015fmelerinin \u00fc\u00e7\u00fcnc\u00fc turunun sona erdi\u011fini kaydeden Abdrakhmanov; bu g\u00f6r\u00fc\u015fmelerin \u00fc\u00e7l\u00fc g\u00f6r\u00fc\u015fmeler ve \u00e7ok tarafl\u0131 g\u00f6r\u00fc\u015fmelerin \u00f6nemli bir b\u00f6l\u00fcm\u00fcn\u00fc te\u015fkil etti\u011fini kaydetti. Abdrakhmanov Astana g\u00f6r\u00fc\u015fmelerinin ayn\u0131 zamanda Cenevre g\u00f6r\u00fc\u015fmelerinin de ayr\u0131lmaz bir par\u00e7as\u0131 oldu\u011funa dikkat \u00e7ekerken, t\u00fcm bu g\u00f6r\u00fc\u015fmelerin Suriye ve halk\u0131n\u0131n y\u0131llard\u0131r maruz kald\u0131klar\u0131 sava\u015f\u0131n sona ermesinde umutlar\u0131 yeniden ye\u015fertti\u011fini ifade etti.<\/p>\n<p>Uluslar aras\u0131 toplumun Suriye&#8217;deki krizin \u00e7\u00f6z\u00fcm\u00fcnde Astana g\u00f6r\u00fc\u015fmelerine ciddi bir umut ba\u011flad\u0131\u011f\u0131na i\u015faret eden Abdrakhmanov; bu g\u00f6r\u00fc\u015fmelerde sa\u011flanan anla\u015fmalar\u0131 da takdirle kar\u015f\u0131lad\u0131\u011f\u0131n\u0131 ifade etti.<\/p>\n<p>Kazakistan D\u0131\u015fi\u015fleri Bakan\u0131 Abdrakhmanov; Astana g\u00f6r\u00fc\u015fmelerinde Suriye&#8217;de \u00e7at\u0131\u015fmalar\u0131n durdurulmas\u0131 anla\u015fmas\u0131n\u0131n peki\u015ftirilmesi ve buna yap\u0131lacak ihlalleri g\u00f6zetleyecek bir grubun te\u015fkil edilmesi \u00fczerine anla\u015fma sa\u011fland\u0131\u011f\u0131na dikkat \u00e7ekti. Abdrakhmanov ayn\u0131 zamanda anla\u015fmazl\u0131k taraflar\u0131 aras\u0131nda tutuklu ve rehinelerin de\u011fi\u015f toku\u015fu konusunda da belirli kriterler \u00fczerinde anla\u015fma sa\u011fland\u0131\u011f\u0131n\u0131 kaydetti.<\/p>\n<p>Abdrakhmanov incelenmesi ve ba\u015far\u0131lmas\u0131 gereken karma\u015f\u0131k ve bir dizi meselenin bulundu\u011funu ifade ederken, buna ra\u011fmen \u015fu ana dek Astana\u2019da var\u0131lan sonu\u00e7lar\u0131n gayet \u00f6nemli oldu\u011funa i\u015faret etti.<\/p>\n","protected":false},"excerpt":{"rendered":"<p>ASTANA \u2013 Kazakistan D\u0131\u015fi\u015fleri Bakan\u0131 Khirat Abdrakhmanov; Suriye&#8217;deki krizin siyasi yollarla \u00e7\u00f6z\u00fclmesi amac\u0131yla ba\u015fkent Astana\u2019da yap\u0131lan Suriye g\u00f6r\u00fc\u015fmelerinin \u00fc\u00e7\u00fcnc\u00fc turu bitiminde bas\u0131n konferans\u0131 d\u00fczenledi. Bas\u0131n konferans\u0131nda Abdrakhmanov; Astana g\u00f6r\u00fc\u015fmelerinin, Suriye&#8217;deki krizin \u00e7\u00f6z\u00fcm\u00fc y\u00f6n\u00fcnde belirli sonu\u00e7lar verdi\u011fini ve \u00e7\u00f6z\u00fcm\u00fcn sa\u011flanmas\u0131nda umut \u0131\u015f\u0131\u011f\u0131 verdi\u011fini s\u00f6yledi. Astana g\u00f6r\u00fc\u015fmelerinin \u00fc\u00e7\u00fcnc\u00fc turunun sona erdi\u011fini kaydeden Abdrakhmanov; bu g\u00f6r\u00fc\u015fmelerin \u00fc\u00e7l\u00fc g\u00f6r\u00fc\u015fmeler &hellip;<\/p>\n","protected":false},"author":1,"featured_media":107875,"comment_status":"closed","ping_status":"closed","sticky":false,"template":"","format":"standard","meta":{"footnotes":""},"categories":[458,459,17988],"tags":[26400,28362,20035,28363,27560],"class_list":["post-107874","post","type-post","status-publish","format-standard","has-post-thumbnail","","category-dunya1","category-haberler-arap-uluslararasi-politika","category-son-haberler","tag-astana-gorusmeleri","tag-astana-gorusmelerinin-3-turu-sona-erdi","tag-baris-gorusmeleri","tag-kazakistan-disisleri-bakani-khirat-abdrakhmanov","tag-suriyede-cozum-gorusmeleri"],"_links":{"self":[{"href":"https:\/\/archive.sana.sy\/tr\/index.php?rest_route=\/wp\/v2\/posts\/107874","targetHints":{"allow":["GET"]}}],"collection":[{"href":"https:\/\/archive.sana.sy\/tr\/index.php?rest_route=\/wp\/v2\/posts"}],"about":[{"href":"https:\/\/archive.sana.sy\/tr\/index.php?rest_route=\/wp\/v2\/types\/post"}],"author":[{"embeddable":true,"href":"https:\/\/archive.sana.sy\/tr\/index.php?rest_route=\/wp\/v2\/users\/1"}],"replies":[{"embeddable":true,"href":"https:\/\/archive.sana.sy\/tr\/index.php?rest_route=%2Fwp%2Fv2%2Fcomments&post=107874"}],"version-history":[{"count":0,"href":"https:\/\/archive.sana.sy\/tr\/index.php?rest_route=\/wp\/v2\/posts\/107874\/revisions"}],"wp:featuredmedia":[{"embeddable":true,"href":"https:\/\/archive.sana.sy\/tr\/index.php?rest_route=\/wp\/v2\/media\/107875"}],"wp:attachment":[{"href":"https:\/\/archive.sana.sy\/tr\/index.php?rest_route=%2Fwp%2Fv2%2Fmedia&parent=107874"}],"wp:term":[{"taxonomy":"category","embeddable":true,"href":"https:\/\/archive.sana.sy\/tr\/index.php?rest_route=%2Fwp%2Fv2%2Fcategories&post=107874"},{"taxonomy":"post_tag","embeddable":true,"href":"https:\/\/archive.sana.sy\/tr\/index.php?rest_route=%2Fwp%2Fv2%2Ftags&post=107874"}],"curies":[{"name":"wp","href":"https:\/\/api.w.org\/{rel}","templated":true}]}}