{"id":107898,"date":"2017-03-15T15:11:45","date_gmt":"2017-03-15T13:11:45","guid":{"rendered":"http:\/\/www.sana.sy\/tr\/?p=107898"},"modified":"2017-03-15T15:39:04","modified_gmt":"2017-03-15T13:39:04","slug":"sana-muhabiri-eli-kanli-teroristlerin-baskent-samin-rabve-bolgesinde-patlayici-yelek-giyinen-intihar-eylemcisi-bir-teroristin-bolgede-bir-restoranin-icinde-kendini-havaya-ucurmasiyla-restora","status":"publish","type":"post","link":"https:\/\/archive.sana.sy\/tr\/?p=107898","title":{"rendered":"SANA muhabiri; eli kanl\u0131 ter\u00f6ristlerin ba\u015fkent \u015eam\u2019\u0131n Rabve B\u00f6lgesinde patlay\u0131c\u0131 yelek giyinen intihar eylemcisi bir ter\u00f6ristin b\u00f6lgede bir restoran\u0131n i\u00e7inde kendini havaya u\u00e7urmas\u0131yla restoranda bulunan bir k\u0131s\u0131m vatanda\u015flar\u0131n \u015fehit ve yaral\u0131 d\u00fc\u015ft\u00fcklerini kaydetti"},"content":{"rendered":"<p>SANA muhabiri; eli kanl\u0131 ter\u00f6ristlerin ba\u015fkent \u015eam\u2019\u0131n Rabve B\u00f6lgesinde patlay\u0131c\u0131 yelek giyinen intihar eylemcisi bir ter\u00f6ristin b\u00f6lgede bir restoran\u0131n i\u00e7inde kendini havaya u\u00e7urmas\u0131yla restoranda bulunan bir k\u0131s\u0131m vatanda\u015flar\u0131n \u015fehit ve yaral\u0131 d\u00fc\u015ft\u00fcklerini kaydetti<\/p>\n","protected":false},"excerpt":{"rendered":"<p>SANA muhabiri; eli kanl\u0131 ter\u00f6ristlerin ba\u015fkent \u015eam\u2019\u0131n Rabve B\u00f6lgesinde patlay\u0131c\u0131 yelek giyinen intihar eylemcisi bir ter\u00f6ristin b\u00f6lgede bir restoran\u0131n i\u00e7inde kendini havaya u\u00e7urmas\u0131yla restoranda bulunan bir k\u0131s\u0131m vatanda\u015flar\u0131n \u015fehit ve yaral\u0131 d\u00fc\u015ft\u00fcklerini kaydetti<\/p>\n","protected":false},"author":1,"featured_media":0,"comment_status":"closed","ping_status":"closed","sticky":false,"template":"","format":"standard","meta":{"footnotes":""},"categories":[17991],"tags":[],"class_list":["post-107898","post","type-post","status-publish","format-standard","","category-son-dakika"],"_links":{"self":[{"href":"https:\/\/archive.sana.sy\/tr\/index.php?rest_route=\/wp\/v2\/posts\/107898","targetHints":{"allow":["GET"]}}],"collection":[{"href":"https:\/\/archive.sana.sy\/tr\/index.php?rest_route=\/wp\/v2\/posts"}],"about":[{"href":"https:\/\/archive.sana.sy\/tr\/index.php?rest_route=\/wp\/v2\/types\/post"}],"author":[{"embeddable":true,"href":"https:\/\/archive.sana.sy\/tr\/index.php?rest_route=\/wp\/v2\/users\/1"}],"replies":[{"embeddable":true,"href":"https:\/\/archive.sana.sy\/tr\/index.php?rest_route=%2Fwp%2Fv2%2Fcomments&post=107898"}],"version-history":[{"count":0,"href":"https:\/\/archive.sana.sy\/tr\/index.php?rest_route=\/wp\/v2\/posts\/107898\/revisions"}],"wp:attachment":[{"href":"https:\/\/archive.sana.sy\/tr\/index.php?rest_route=%2Fwp%2Fv2%2Fmedia&parent=107898"}],"wp:term":[{"taxonomy":"category","embeddable":true,"href":"https:\/\/archive.sana.sy\/tr\/index.php?rest_route=%2Fwp%2Fv2%2Fcategories&post=107898"},{"taxonomy":"post_tag","embeddable":true,"href":"https:\/\/archive.sana.sy\/tr\/index.php?rest_route=%2Fwp%2Fv2%2Ftags&post=107898"}],"curies":[{"name":"wp","href":"https:\/\/api.w.org\/{rel}","templated":true}]}}