{"id":10794,"date":"2014-09-21T18:51:09","date_gmt":"2014-09-21T15:51:09","guid":{"rendered":"http:\/\/www.sana.sy\/tr\/?p=10794"},"modified":"2014-09-22T13:38:57","modified_gmt":"2014-09-22T10:38:57","slug":"havan-mermileri-sonucu-halepte-6-vatandas-sehit-oldu","status":"publish","type":"post","link":"https:\/\/archive.sana.sy\/tr\/?p=10794","title":{"rendered":"Havan Mermileri Sonucu 3\u2019\u00fc \u00e7ocuk 12 \u015eehit, Onlarca Yaral\u0131 Var"},"content":{"rendered":"<p>\u0130LLER \u2013 Ter\u00f6rist \u00e7etelerin Halep Ti\u015frin Semtine d\u00fczenledikleri havan mermileri sald\u0131r\u0131lar\u0131 sonucunda alt\u0131 vatanda\u015f\u0131m\u0131z \u015fehit oldu. \u015eam\u2019da ise 3 vatanda\u015f yaraland\u0131, maddi hasarlar oldu.<\/p>\n<p><a href=\"http:\/\/www.sana.sy\/tr\/wp-content\/uploads\/2014\/09\/havan22.jpg\"><img loading=\"lazy\" decoding=\"async\" class=\"alignright wp-image-10829 size-medium\" src=\"http:\/\/www.sana.sy\/tr\/wp-content\/uploads\/2014\/09\/havan22-300x159.jpg\" alt=\"havan2\" width=\"300\" height=\"159\" srcset=\"https:\/\/archive.sana.sy\/tr\/wp-content\/uploads\/2014\/09\/havan22-300x160.jpg 300w, https:\/\/archive.sana.sy\/tr\/wp-content\/uploads\/2014\/09\/havan22-150x79.jpg 150w, https:\/\/archive.sana.sy\/tr\/wp-content\/uploads\/2014\/09\/havan22.jpg 620w\" sizes=\"auto, (max-width: 300px) 100vw, 300px\" \/><\/a>Halep Valili\u011finde bir kaynak ter\u00f6ristlerin att\u0131klar\u0131 havan mermilerinden dolay\u0131 6 vatanda\u015f\u0131n \u015fehit, 20 vatanda\u015f\u0131n da yaral\u0131 olmas\u0131 yan\u0131 s\u0131ra baz\u0131 maddi hasarlar oldu\u011funu kaydetti.<\/p>\n<p>Kaynak yaral\u0131lar\u0131n tedavi i\u00e7in Razi hastanesine ta\u015f\u0131nd\u0131\u011f\u0131n\u0131 bildirdi.<br \/>\nDera\u2019da ise Sebil semtindeki el Kusur Okulu civar\u0131nda d\u00fc\u015fen havan mermileri sonucunda \u00fc\u00e7\u00fc \u00e7ocuk 6 vatanda\u015f \u015fehit, 19 vatanda\u015f yaral\u0131 oldu.<\/p>\n<p>Dera Vatan Hastanesinde bir kaynak 19 yaral\u0131lar\u0131n \u00e7o\u011fu \u00e7ocuk oldu\u011funu, ikisinin durumlar\u0131n\u0131n ciddi oldu\u011fundan dolay\u0131 \u015eam\u2019a ta\u015f\u0131nd\u0131klar\u0131n\u0131 a\u00e7\u0131klad\u0131.<\/p>\n<p>\u015eam\u2019da ise Bab Tuma ve Zablatani semtlerinde yap\u0131lan havan mermileri sald\u0131r\u0131lar\u0131 sonucu biri \u00e7ocuk 3 vatanda\u015f yaraland\u0131.<\/p>\n","protected":false},"excerpt":{"rendered":"<p>\u0130LLER \u2013 Ter\u00f6rist \u00e7etelerin Halep Ti\u015frin Semtine d\u00fczenledikleri havan mermileri sald\u0131r\u0131lar\u0131 sonucunda alt\u0131 vatanda\u015f\u0131m\u0131z \u015fehit oldu. \u015eam\u2019da ise 3 vatanda\u015f yaraland\u0131, maddi hasarlar oldu. Halep Valili\u011finde bir kaynak ter\u00f6ristlerin att\u0131klar\u0131 havan mermilerinden dolay\u0131 6 vatanda\u015f\u0131n \u015fehit, 20 vatanda\u015f\u0131n da yaral\u0131 olmas\u0131 yan\u0131 s\u0131ra baz\u0131 maddi hasarlar oldu\u011funu kaydetti. Kaynak yaral\u0131lar\u0131n tedavi i\u00e7in Razi hastanesine ta\u015f\u0131nd\u0131\u011f\u0131n\u0131 &hellip;<\/p>\n","protected":false},"author":1,"featured_media":10827,"comment_status":"closed","ping_status":"closed","sticky":false,"template":"","format":"standard","meta":{"footnotes":""},"categories":[575],"tags":[2545],"class_list":["post-10794","post","type-post","status-publish","format-standard","has-post-thumbnail","","category-olaylar-ve-gercekler","tag-havan-mermileri-sonucu-halepte-6-vatandas-sehit-oldu"],"_links":{"self":[{"href":"https:\/\/archive.sana.sy\/tr\/index.php?rest_route=\/wp\/v2\/posts\/10794","targetHints":{"allow":["GET"]}}],"collection":[{"href":"https:\/\/archive.sana.sy\/tr\/index.php?rest_route=\/wp\/v2\/posts"}],"about":[{"href":"https:\/\/archive.sana.sy\/tr\/index.php?rest_route=\/wp\/v2\/types\/post"}],"author":[{"embeddable":true,"href":"https:\/\/archive.sana.sy\/tr\/index.php?rest_route=\/wp\/v2\/users\/1"}],"replies":[{"embeddable":true,"href":"https:\/\/archive.sana.sy\/tr\/index.php?rest_route=%2Fwp%2Fv2%2Fcomments&post=10794"}],"version-history":[{"count":0,"href":"https:\/\/archive.sana.sy\/tr\/index.php?rest_route=\/wp\/v2\/posts\/10794\/revisions"}],"wp:featuredmedia":[{"embeddable":true,"href":"https:\/\/archive.sana.sy\/tr\/index.php?rest_route=\/wp\/v2\/media\/10827"}],"wp:attachment":[{"href":"https:\/\/archive.sana.sy\/tr\/index.php?rest_route=%2Fwp%2Fv2%2Fmedia&parent=10794"}],"wp:term":[{"taxonomy":"category","embeddable":true,"href":"https:\/\/archive.sana.sy\/tr\/index.php?rest_route=%2Fwp%2Fv2%2Fcategories&post=10794"},{"taxonomy":"post_tag","embeddable":true,"href":"https:\/\/archive.sana.sy\/tr\/index.php?rest_route=%2Fwp%2Fv2%2Ftags&post=10794"}],"curies":[{"name":"wp","href":"https:\/\/api.w.org\/{rel}","templated":true}]}}