{"id":108037,"date":"2017-03-16T09:30:16","date_gmt":"2017-03-16T07:30:16","guid":{"rendered":"http:\/\/www.sana.sy\/tr\/?p=108037"},"modified":"2017-03-16T15:56:35","modified_gmt":"2017-03-16T13:56:35","slug":"cek-cumhuriyeti-katilma-firsatina-sahiptir","status":"publish","type":"post","link":"https:\/\/archive.sana.sy\/tr\/?p=108037","title":{"rendered":"\u00c7ek Cumhuriyeti Kat\u0131lma F\u0131rsat\u0131na Sahiptir"},"content":{"rendered":"<p>PRAG \u2013 \u00c7ek Cumhuriyeti D\u0131\u015fi\u015fleri Bakan\u0131 Lubomir Zaoralek, Suriye&#8217;deki krizin son s\u00fcrecinde oldu\u011funa inand\u0131\u011f\u0131n\u0131 ifade ederken, bu konuda tahminlerin ger\u00e7ekle\u015fmesi halinde \u00c7ek \u015firketlerin Suriye&#8217;de yeniden imar planlar\u0131na kat\u0131labilece\u011fini belirtti.<\/p>\n<p>Zaoralek d\u00fcn d\u00fczenledi\u011fi bas\u0131n toplant\u0131s\u0131nda, \u00c7ek Cumhuriyetinin Suriye&#8217;de g\u00fczel bir duyuma sahip oldu\u011funu ve kriz boyunca \u015eam b\u00fcy\u00fckel\u00e7ili\u011fini kapatmad\u0131\u011f\u0131na dikkat \u00e7ekerken, dolay\u0131s\u0131yla yeniden imar s\u00fcrecine katk\u0131 sa\u011flama f\u0131rsat\u0131na sahip oldu\u011funu kaydetti.<\/p>\n<p>\u00dclkesinin ge\u00e7en y\u0131llar boyunca Suriye ve halk\u0131na bulundu\u011fu yard\u0131mlara i\u015faret eden Zaoralek, son olarak 2017-2019 y\u0131llar\u0131 aras\u0131nda yap\u0131lacak yeniden imar projeleri i\u00e7in yakla\u015f\u0131k 7,22 milyon euro mali destek takdim etti\u011fini a\u00e7\u0131klad\u0131. Zaoralek bu projede Suriye&#8217;de t\u0131bbi, e\u011fitim, sosyal ve benzeri hizmet kurumlar\u0131n\u0131n onar\u0131lmas\u0131 \u00f6ng\u00f6r\u00fcld\u00fc\u011f\u00fcn\u00fc ifade etti.<\/p>\n","protected":false},"excerpt":{"rendered":"<p>PRAG \u2013 \u00c7ek Cumhuriyeti D\u0131\u015fi\u015fleri Bakan\u0131 Lubomir Zaoralek, Suriye&#8217;deki krizin son s\u00fcrecinde oldu\u011funa inand\u0131\u011f\u0131n\u0131 ifade ederken, bu konuda tahminlerin ger\u00e7ekle\u015fmesi halinde \u00c7ek \u015firketlerin Suriye&#8217;de yeniden imar planlar\u0131na kat\u0131labilece\u011fini belirtti. Zaoralek d\u00fcn d\u00fczenledi\u011fi bas\u0131n toplant\u0131s\u0131nda, \u00c7ek Cumhuriyetinin Suriye&#8217;de g\u00fczel bir duyuma sahip oldu\u011funu ve kriz boyunca \u015eam b\u00fcy\u00fckel\u00e7ili\u011fini kapatmad\u0131\u011f\u0131na dikkat \u00e7ekerken, dolay\u0131s\u0131yla yeniden imar s\u00fcrecine katk\u0131 &hellip;<\/p>\n","protected":false},"author":1,"featured_media":108038,"comment_status":"closed","ping_status":"closed","sticky":false,"template":"","format":"standard","meta":{"footnotes":""},"categories":[458,459,17988],"tags":[18414,28393],"class_list":["post-108037","post","type-post","status-publish","format-standard","has-post-thumbnail","","category-dunya1","category-haberler-arap-uluslararasi-politika","category-son-haberler","tag-cek-cumhuriyeti-disisleri-bakani-lubomir-zaoralek","tag-cek-cumhuriyeti-katilma-firsatina-sahiptir"],"_links":{"self":[{"href":"https:\/\/archive.sana.sy\/tr\/index.php?rest_route=\/wp\/v2\/posts\/108037","targetHints":{"allow":["GET"]}}],"collection":[{"href":"https:\/\/archive.sana.sy\/tr\/index.php?rest_route=\/wp\/v2\/posts"}],"about":[{"href":"https:\/\/archive.sana.sy\/tr\/index.php?rest_route=\/wp\/v2\/types\/post"}],"author":[{"embeddable":true,"href":"https:\/\/archive.sana.sy\/tr\/index.php?rest_route=\/wp\/v2\/users\/1"}],"replies":[{"embeddable":true,"href":"https:\/\/archive.sana.sy\/tr\/index.php?rest_route=%2Fwp%2Fv2%2Fcomments&post=108037"}],"version-history":[{"count":0,"href":"https:\/\/archive.sana.sy\/tr\/index.php?rest_route=\/wp\/v2\/posts\/108037\/revisions"}],"wp:featuredmedia":[{"embeddable":true,"href":"https:\/\/archive.sana.sy\/tr\/index.php?rest_route=\/wp\/v2\/media\/108038"}],"wp:attachment":[{"href":"https:\/\/archive.sana.sy\/tr\/index.php?rest_route=%2Fwp%2Fv2%2Fmedia&parent=108037"}],"wp:term":[{"taxonomy":"category","embeddable":true,"href":"https:\/\/archive.sana.sy\/tr\/index.php?rest_route=%2Fwp%2Fv2%2Fcategories&post=108037"},{"taxonomy":"post_tag","embeddable":true,"href":"https:\/\/archive.sana.sy\/tr\/index.php?rest_route=%2Fwp%2Fv2%2Ftags&post=108037"}],"curies":[{"name":"wp","href":"https:\/\/api.w.org\/{rel}","templated":true}]}}