{"id":108040,"date":"2017-03-16T11:00:27","date_gmt":"2017-03-16T09:00:27","guid":{"rendered":"http:\/\/www.sana.sy\/tr\/?p=108040"},"modified":"2017-03-17T15:13:02","modified_gmt":"2017-03-17T13:13:02","slug":"de-mistura-siyasi-cozum-cabalarini-sabote-etmeyi-amacliyor","status":"publish","type":"post","link":"https:\/\/archive.sana.sy\/tr\/?p=108040","title":{"rendered":"De Mistura: Siyasi \u00c7\u00f6z\u00fcm \u00c7abalar\u0131n\u0131 Sabote Etmeyi Ama\u00e7l\u0131yor"},"content":{"rendered":"<p>NEW YORK \u2013 BM Suriye \u00f6zel temsilcisi Staffan de Mistura; d\u00fcn ba\u015fkent \u015eam\u2019da meydana gelen ve onlarca ki\u015finin \u015fehit ya da yaral\u0131 d\u00fc\u015fmelerine yol a\u00e7an iki bombal\u0131 ter\u00f6r eylemini k\u0131nad\u0131\u011f\u0131n\u0131 belirtti.<\/p>\n<p>De Mistura\u2019n\u0131n ofisi yay\u0131nlad\u0131\u011f\u0131 b\u00fcltende; \u201cDe Mistura, onlarca masum sivil insan\u0131n kurban gitti\u011fi bu ter\u00f6r sald\u0131r\u0131lar\u0131n\u0131 k\u0131n\u0131yor ve amac\u0131n siyasi \u00e7\u00f6z\u00fcm \u00e7abalar\u0131n\u0131 sabote etmek oldu\u011funu vurguluyor..\u201d ifadesine yer verildi.<\/p>\n","protected":false},"excerpt":{"rendered":"<p>NEW YORK \u2013 BM Suriye \u00f6zel temsilcisi Staffan de Mistura; d\u00fcn ba\u015fkent \u015eam\u2019da meydana gelen ve onlarca ki\u015finin \u015fehit ya da yaral\u0131 d\u00fc\u015fmelerine yol a\u00e7an iki bombal\u0131 ter\u00f6r eylemini k\u0131nad\u0131\u011f\u0131n\u0131 belirtti. De Mistura\u2019n\u0131n ofisi yay\u0131nlad\u0131\u011f\u0131 b\u00fcltende; \u201cDe Mistura, onlarca masum sivil insan\u0131n kurban gitti\u011fi bu ter\u00f6r sald\u0131r\u0131lar\u0131n\u0131 k\u0131n\u0131yor ve amac\u0131n siyasi \u00e7\u00f6z\u00fcm \u00e7abalar\u0131n\u0131 sabote etmek &hellip;<\/p>\n","protected":false},"author":1,"featured_media":108041,"comment_status":"closed","ping_status":"closed","sticky":false,"template":"","format":"standard","meta":{"footnotes":""},"categories":[458,459,17988],"tags":[18443,28394],"class_list":["post-108040","post","type-post","status-publish","format-standard","has-post-thumbnail","","category-dunya1","category-haberler-arap-uluslararasi-politika","category-son-haberler","tag-bm-suriye-ozel-temsilcisi-staffan-de-mistura","tag-de-mistura-siyasi-cozum-cabalarini-sabote-etmeyi-amacliyor"],"_links":{"self":[{"href":"https:\/\/archive.sana.sy\/tr\/index.php?rest_route=\/wp\/v2\/posts\/108040","targetHints":{"allow":["GET"]}}],"collection":[{"href":"https:\/\/archive.sana.sy\/tr\/index.php?rest_route=\/wp\/v2\/posts"}],"about":[{"href":"https:\/\/archive.sana.sy\/tr\/index.php?rest_route=\/wp\/v2\/types\/post"}],"author":[{"embeddable":true,"href":"https:\/\/archive.sana.sy\/tr\/index.php?rest_route=\/wp\/v2\/users\/1"}],"replies":[{"embeddable":true,"href":"https:\/\/archive.sana.sy\/tr\/index.php?rest_route=%2Fwp%2Fv2%2Fcomments&post=108040"}],"version-history":[{"count":0,"href":"https:\/\/archive.sana.sy\/tr\/index.php?rest_route=\/wp\/v2\/posts\/108040\/revisions"}],"wp:featuredmedia":[{"embeddable":true,"href":"https:\/\/archive.sana.sy\/tr\/index.php?rest_route=\/wp\/v2\/media\/108041"}],"wp:attachment":[{"href":"https:\/\/archive.sana.sy\/tr\/index.php?rest_route=%2Fwp%2Fv2%2Fmedia&parent=108040"}],"wp:term":[{"taxonomy":"category","embeddable":true,"href":"https:\/\/archive.sana.sy\/tr\/index.php?rest_route=%2Fwp%2Fv2%2Fcategories&post=108040"},{"taxonomy":"post_tag","embeddable":true,"href":"https:\/\/archive.sana.sy\/tr\/index.php?rest_route=%2Fwp%2Fv2%2Ftags&post=108040"}],"curies":[{"name":"wp","href":"https:\/\/api.w.org\/{rel}","templated":true}]}}