{"id":108047,"date":"2017-03-16T10:39:10","date_gmt":"2017-03-16T08:39:10","guid":{"rendered":"http:\/\/www.sana.sy\/tr\/?p=108047"},"modified":"2017-03-16T13:40:13","modified_gmt":"2017-03-16T11:40:13","slug":"operasyonlarda-aralarinda-azili-elebaslarin-bulundugu-onlarca-teroristin-ekipmanlari-ve-araclariyla-etkisiz-hale-getirildiklerine-dikkat-ceken-askeri-kaynak-bolgenin-tekfirciler-tarafindan-yerlestiri","status":"publish","type":"post","link":"https:\/\/archive.sana.sy\/tr\/?p=108047","title":{"rendered":"Operasyonlarda aralar\u0131nda az\u0131l\u0131 eleba\u015flar\u0131n bulundu\u011fu onlarca ter\u00f6ristin ekipmanlar\u0131 ve ara\u00e7lar\u0131yla etkisiz hale getirildiklerine dikkat \u00e7eken askeri kaynak; b\u00f6lgenin tekfirciler taraf\u0131ndan yerle\u015ftirilen bomba d\u00fczenekleri ve may\u0131nlardan temizlenmesi i\u00e7in operasyon ba\u015flat\u0131ld\u0131\u011f\u0131n\u0131 kaydetti"},"content":{"rendered":"<p>Operasyonlarda aralar\u0131nda az\u0131l\u0131 eleba\u015flar\u0131n bulundu\u011fu onlarca ter\u00f6ristin ekipmanlar\u0131 ve ara\u00e7lar\u0131yla etkisiz hale getirildiklerine dikkat \u00e7eken askeri kaynak; b\u00f6lgenin tekfirciler taraf\u0131ndan yerle\u015ftirilen bomba d\u00fczenekleri ve may\u0131nlardan temizlenmesi i\u00e7in operasyon ba\u015flat\u0131ld\u0131\u011f\u0131n\u0131 kaydetti<\/p>\n","protected":false},"excerpt":{"rendered":"<p>Operasyonlarda aralar\u0131nda az\u0131l\u0131 eleba\u015flar\u0131n bulundu\u011fu onlarca ter\u00f6ristin ekipmanlar\u0131 ve ara\u00e7lar\u0131yla etkisiz hale getirildiklerine dikkat \u00e7eken askeri kaynak; b\u00f6lgenin tekfirciler taraf\u0131ndan yerle\u015ftirilen bomba d\u00fczenekleri ve may\u0131nlardan temizlenmesi i\u00e7in operasyon ba\u015flat\u0131ld\u0131\u011f\u0131n\u0131 kaydetti<\/p>\n","protected":false},"author":1,"featured_media":0,"comment_status":"closed","ping_status":"closed","sticky":false,"template":"","format":"standard","meta":{"footnotes":""},"categories":[17991],"tags":[],"class_list":["post-108047","post","type-post","status-publish","format-standard","","category-son-dakika"],"_links":{"self":[{"href":"https:\/\/archive.sana.sy\/tr\/index.php?rest_route=\/wp\/v2\/posts\/108047","targetHints":{"allow":["GET"]}}],"collection":[{"href":"https:\/\/archive.sana.sy\/tr\/index.php?rest_route=\/wp\/v2\/posts"}],"about":[{"href":"https:\/\/archive.sana.sy\/tr\/index.php?rest_route=\/wp\/v2\/types\/post"}],"author":[{"embeddable":true,"href":"https:\/\/archive.sana.sy\/tr\/index.php?rest_route=\/wp\/v2\/users\/1"}],"replies":[{"embeddable":true,"href":"https:\/\/archive.sana.sy\/tr\/index.php?rest_route=%2Fwp%2Fv2%2Fcomments&post=108047"}],"version-history":[{"count":0,"href":"https:\/\/archive.sana.sy\/tr\/index.php?rest_route=\/wp\/v2\/posts\/108047\/revisions"}],"wp:attachment":[{"href":"https:\/\/archive.sana.sy\/tr\/index.php?rest_route=%2Fwp%2Fv2%2Fmedia&parent=108047"}],"wp:term":[{"taxonomy":"category","embeddable":true,"href":"https:\/\/archive.sana.sy\/tr\/index.php?rest_route=%2Fwp%2Fv2%2Fcategories&post=108047"},{"taxonomy":"post_tag","embeddable":true,"href":"https:\/\/archive.sana.sy\/tr\/index.php?rest_route=%2Fwp%2Fv2%2Ftags&post=108047"}],"curies":[{"name":"wp","href":"https:\/\/api.w.org\/{rel}","templated":true}]}}