{"id":108049,"date":"2017-03-16T11:39:49","date_gmt":"2017-03-16T09:39:49","guid":{"rendered":"http:\/\/www.sana.sy\/tr\/?p=108049"},"modified":"2017-03-16T13:40:42","modified_gmt":"2017-03-16T11:40:42","slug":"deyrezzorda-askeri-bir-kaynak-ordu-birliklerimizin-kentin-guneybati-kenarlari-yakinlarinda-isid-mevkileri-ve-hareketlenmelerini-yogun-atese-tutmalariyla-siperleriyle-birlikte-bircok-terorist","status":"publish","type":"post","link":"https:\/\/archive.sana.sy\/tr\/?p=108049","title":{"rendered":"Deyrezzor\u2019da askeri bir kaynak; ordu birliklerimizin kentin g\u00fcneybat\u0131 kenarlar\u0131 yak\u0131nlar\u0131nda I\u015e\u0130D mevkileri ve hareketlenmelerini yo\u011fun ate\u015fe tutmalar\u0131yla siperleriyle birlikte bir\u00e7ok ter\u00f6ristin \u00f6ld\u00fcr\u00fcld\u00fc\u011f\u00fcn\u00fc belirtti"},"content":{"rendered":"<p>Deyrezzor\u2019da askeri bir kaynak; ordu birliklerimizin kentin g\u00fcneybat\u0131 kenarlar\u0131 yak\u0131nlar\u0131nda I\u015e\u0130D mevkileri ve hareketlenmelerini yo\u011fun ate\u015fe tutmalar\u0131yla siperleriyle birlikte bir\u00e7ok ter\u00f6ristin \u00f6ld\u00fcr\u00fcld\u00fc\u011f\u00fcn\u00fc belirtti<\/p>\n","protected":false},"excerpt":{"rendered":"<p>Deyrezzor\u2019da askeri bir kaynak; ordu birliklerimizin kentin g\u00fcneybat\u0131 kenarlar\u0131 yak\u0131nlar\u0131nda I\u015e\u0130D mevkileri ve hareketlenmelerini yo\u011fun ate\u015fe tutmalar\u0131yla siperleriyle birlikte bir\u00e7ok ter\u00f6ristin \u00f6ld\u00fcr\u00fcld\u00fc\u011f\u00fcn\u00fc belirtti<\/p>\n","protected":false},"author":1,"featured_media":0,"comment_status":"closed","ping_status":"closed","sticky":false,"template":"","format":"standard","meta":{"footnotes":""},"categories":[17991],"tags":[],"class_list":["post-108049","post","type-post","status-publish","format-standard","","category-son-dakika"],"_links":{"self":[{"href":"https:\/\/archive.sana.sy\/tr\/index.php?rest_route=\/wp\/v2\/posts\/108049","targetHints":{"allow":["GET"]}}],"collection":[{"href":"https:\/\/archive.sana.sy\/tr\/index.php?rest_route=\/wp\/v2\/posts"}],"about":[{"href":"https:\/\/archive.sana.sy\/tr\/index.php?rest_route=\/wp\/v2\/types\/post"}],"author":[{"embeddable":true,"href":"https:\/\/archive.sana.sy\/tr\/index.php?rest_route=\/wp\/v2\/users\/1"}],"replies":[{"embeddable":true,"href":"https:\/\/archive.sana.sy\/tr\/index.php?rest_route=%2Fwp%2Fv2%2Fcomments&post=108049"}],"version-history":[{"count":0,"href":"https:\/\/archive.sana.sy\/tr\/index.php?rest_route=\/wp\/v2\/posts\/108049\/revisions"}],"wp:attachment":[{"href":"https:\/\/archive.sana.sy\/tr\/index.php?rest_route=%2Fwp%2Fv2%2Fmedia&parent=108049"}],"wp:term":[{"taxonomy":"category","embeddable":true,"href":"https:\/\/archive.sana.sy\/tr\/index.php?rest_route=%2Fwp%2Fv2%2Fcategories&post=108049"},{"taxonomy":"post_tag","embeddable":true,"href":"https:\/\/archive.sana.sy\/tr\/index.php?rest_route=%2Fwp%2Fv2%2Ftags&post=108049"}],"curies":[{"name":"wp","href":"https:\/\/api.w.org\/{rel}","templated":true}]}}