{"id":108051,"date":"2017-03-16T11:45:24","date_gmt":"2017-03-16T09:45:24","guid":{"rendered":"http:\/\/www.sana.sy\/tr\/?p=108051"},"modified":"2017-03-16T13:41:03","modified_gmt":"2017-03-16T11:41:03","slug":"ordu-birliklerimizin-deyrezzor-askeri-havalimani-civarinda-isid-mevkileri-ve-toplanma-yerlerini-top-atesine-tuttuklarini-ifade-eden-kaynak-serda-mekabbat-makabir-ve-allus-tepesinde-de-benzer-operas","status":"publish","type":"post","link":"https:\/\/archive.sana.sy\/tr\/?p=108051","title":{"rendered":"Ordu birliklerimizin Deyrezzor Askeri Havaliman\u0131 civar\u0131nda I\u015e\u0130D mevkileri ve toplanma yerlerini top ate\u015fine tuttuklar\u0131n\u0131 ifade eden kaynak; Serda, Mekabbat, Makabir ve Allu\u015f Tepesinde de benzer operasyonlarda radikal ter\u00f6ristlerin say\u0131 ve ekipmanlar\u0131yla kay\u0131plara u\u011frat\u0131ld\u0131klar\u0131n\u0131 belirtti"},"content":{"rendered":"<p>Ordu birliklerimizin Deyrezzor Askeri Havaliman\u0131 civar\u0131nda I\u015e\u0130D mevkileri ve toplanma yerlerini top ate\u015fine tuttuklar\u0131n\u0131 ifade eden kaynak; Serda, Mekabbat, Makabir ve Allu\u015f Tepesinde de benzer operasyonlarda radikal ter\u00f6ristlerin say\u0131 ve ekipmanlar\u0131yla kay\u0131plara u\u011frat\u0131ld\u0131klar\u0131n\u0131 belirtti<\/p>\n","protected":false},"excerpt":{"rendered":"<p>Ordu birliklerimizin Deyrezzor Askeri Havaliman\u0131 civar\u0131nda I\u015e\u0130D mevkileri ve toplanma yerlerini top ate\u015fine tuttuklar\u0131n\u0131 ifade eden kaynak; Serda, Mekabbat, Makabir ve Allu\u015f Tepesinde de benzer operasyonlarda radikal ter\u00f6ristlerin say\u0131 ve ekipmanlar\u0131yla kay\u0131plara u\u011frat\u0131ld\u0131klar\u0131n\u0131 belirtti<\/p>\n","protected":false},"author":1,"featured_media":0,"comment_status":"closed","ping_status":"closed","sticky":false,"template":"","format":"standard","meta":{"footnotes":""},"categories":[17991],"tags":[],"class_list":["post-108051","post","type-post","status-publish","format-standard","","category-son-dakika"],"_links":{"self":[{"href":"https:\/\/archive.sana.sy\/tr\/index.php?rest_route=\/wp\/v2\/posts\/108051","targetHints":{"allow":["GET"]}}],"collection":[{"href":"https:\/\/archive.sana.sy\/tr\/index.php?rest_route=\/wp\/v2\/posts"}],"about":[{"href":"https:\/\/archive.sana.sy\/tr\/index.php?rest_route=\/wp\/v2\/types\/post"}],"author":[{"embeddable":true,"href":"https:\/\/archive.sana.sy\/tr\/index.php?rest_route=\/wp\/v2\/users\/1"}],"replies":[{"embeddable":true,"href":"https:\/\/archive.sana.sy\/tr\/index.php?rest_route=%2Fwp%2Fv2%2Fcomments&post=108051"}],"version-history":[{"count":0,"href":"https:\/\/archive.sana.sy\/tr\/index.php?rest_route=\/wp\/v2\/posts\/108051\/revisions"}],"wp:attachment":[{"href":"https:\/\/archive.sana.sy\/tr\/index.php?rest_route=%2Fwp%2Fv2%2Fmedia&parent=108051"}],"wp:term":[{"taxonomy":"category","embeddable":true,"href":"https:\/\/archive.sana.sy\/tr\/index.php?rest_route=%2Fwp%2Fv2%2Fcategories&post=108051"},{"taxonomy":"post_tag","embeddable":true,"href":"https:\/\/archive.sana.sy\/tr\/index.php?rest_route=%2Fwp%2Fv2%2Ftags&post=108051"}],"curies":[{"name":"wp","href":"https:\/\/api.w.org\/{rel}","templated":true}]}}