{"id":108055,"date":"2017-03-16T12:00:38","date_gmt":"2017-03-16T10:00:38","guid":{"rendered":"http:\/\/www.sana.sy\/tr\/?p=108055"},"modified":"2017-03-17T15:12:58","modified_gmt":"2017-03-17T13:12:58","slug":"batililarin-politikalari-krizi-uzatti","status":"publish","type":"post","link":"https:\/\/archive.sana.sy\/tr\/?p=108055","title":{"rendered":"Bat\u0131l\u0131lar\u0131n Politikalar\u0131 Krizi Uzatt\u0131"},"content":{"rendered":"<p>MOSKOVA \u2013 Fransa Ulusal Meclisinde Uluslararas\u0131 \u0130li\u015fkiler Komitesi \u00dcyesi Thierry Mariani; Bat\u0131l\u0131 devletlerin Suriye konusunda izledikleri politikalardan dolay\u0131 duydu\u011fu esefi ifade ederken, bu yanl\u0131\u015f politikalar\u0131n, kriz s\u00fcresinin uzamas\u0131na yol a\u00e7t\u0131\u011f\u0131n\u0131 belirtti.<\/p>\n<p>Frans\u0131z bir parlamenter heyetin ba\u015fkanl\u0131\u011f\u0131nda Rusya Devlet Dumas\u0131 Ba\u015fkan\u0131 Vyacheslav Volodin ile bug\u00fcn Moskova&#8217;da bir araya gelen Mariani; Rusya&#8217;n\u0131n Suriye&#8217;de ter\u00f6re kar\u015f\u0131 m\u00fccadelede sa\u011flad\u0131\u011f\u0131 ba\u015far\u0131lar ve Suriye halk\u0131na temin etti\u011fi insani yard\u0131mlara dikkat \u00e7ekti.<\/p>\n<p>Mariani Rusya ve Fransa aras\u0131nda ortak \u00e7\u0131karlar\u0131n bulundu\u011funa i\u015faret ederken, Avrupa Birli\u011fi Parlamento Asamblesindeki Frans\u0131z heyetin Rusya&#8217;ya y\u00f6nelik kararlar\u0131n oylamas\u0131nda her daim kar\u015f\u0131 oy kulland\u0131\u011f\u0131n\u0131 ifade etti.<\/p>\n<p>Mariani ge\u00e7en Ocak ay\u0131nda, Frans\u0131z parlamenter bir heyetin ba\u015fkanl\u0131\u011f\u0131nda Suriye&#8217;ye i\u015f gezisinde bulunmu\u015f, Suriye ve halk\u0131na kar\u015f\u0131 y\u00fcr\u00fct\u00fclen sava\u015f\u0131n ger\u00e7ekleriyle birlikte bu sava\u015fta belli ba\u015fl\u0131 medya ara\u00e7lar\u0131n\u0131n bulundu\u011fu \u00e7arp\u0131tmalara dikkat \u00e7ekmi\u015fti.<\/p>\n","protected":false},"excerpt":{"rendered":"<p>MOSKOVA \u2013 Fransa Ulusal Meclisinde Uluslararas\u0131 \u0130li\u015fkiler Komitesi \u00dcyesi Thierry Mariani; Bat\u0131l\u0131 devletlerin Suriye konusunda izledikleri politikalardan dolay\u0131 duydu\u011fu esefi ifade ederken, bu yanl\u0131\u015f politikalar\u0131n, kriz s\u00fcresinin uzamas\u0131na yol a\u00e7t\u0131\u011f\u0131n\u0131 belirtti. Frans\u0131z bir parlamenter heyetin ba\u015fkanl\u0131\u011f\u0131nda Rusya Devlet Dumas\u0131 Ba\u015fkan\u0131 Vyacheslav Volodin ile bug\u00fcn Moskova&#8217;da bir araya gelen Mariani; Rusya&#8217;n\u0131n Suriye&#8217;de ter\u00f6re kar\u015f\u0131 m\u00fccadelede sa\u011flad\u0131\u011f\u0131 &hellip;<\/p>\n","protected":false},"author":1,"featured_media":108059,"comment_status":"closed","ping_status":"closed","sticky":false,"template":"","format":"standard","meta":{"footnotes":""},"categories":[458,459,17988],"tags":[28402,28403,28396,28397,28401,28399,19132,28398,28400],"class_list":["post-108055","post","type-post","status-publish","format-standard","has-post-thumbnail","","category-dunya1","category-haberler-arap-uluslararasi-politika","category-son-haberler","tag-avrupa-birligi-parlamento-asamblesi","tag-batililar","tag-batililarin-politikalari-krizi-uzatti","tag-fransa-ulusal-meclisi","tag-fransiz-parlamenter-heyet","tag-rusya-devlet-dumasi","tag-suriyedeki-kriz","tag-thierry-mariani","tag-vyacheslav-volodin"],"_links":{"self":[{"href":"https:\/\/archive.sana.sy\/tr\/index.php?rest_route=\/wp\/v2\/posts\/108055","targetHints":{"allow":["GET"]}}],"collection":[{"href":"https:\/\/archive.sana.sy\/tr\/index.php?rest_route=\/wp\/v2\/posts"}],"about":[{"href":"https:\/\/archive.sana.sy\/tr\/index.php?rest_route=\/wp\/v2\/types\/post"}],"author":[{"embeddable":true,"href":"https:\/\/archive.sana.sy\/tr\/index.php?rest_route=\/wp\/v2\/users\/1"}],"replies":[{"embeddable":true,"href":"https:\/\/archive.sana.sy\/tr\/index.php?rest_route=%2Fwp%2Fv2%2Fcomments&post=108055"}],"version-history":[{"count":0,"href":"https:\/\/archive.sana.sy\/tr\/index.php?rest_route=\/wp\/v2\/posts\/108055\/revisions"}],"wp:featuredmedia":[{"embeddable":true,"href":"https:\/\/archive.sana.sy\/tr\/index.php?rest_route=\/wp\/v2\/media\/108059"}],"wp:attachment":[{"href":"https:\/\/archive.sana.sy\/tr\/index.php?rest_route=%2Fwp%2Fv2%2Fmedia&parent=108055"}],"wp:term":[{"taxonomy":"category","embeddable":true,"href":"https:\/\/archive.sana.sy\/tr\/index.php?rest_route=%2Fwp%2Fv2%2Fcategories&post=108055"},{"taxonomy":"post_tag","embeddable":true,"href":"https:\/\/archive.sana.sy\/tr\/index.php?rest_route=%2Fwp%2Fv2%2Ftags&post=108055"}],"curies":[{"name":"wp","href":"https:\/\/api.w.org\/{rel}","templated":true}]}}