{"id":108082,"date":"2017-03-16T14:00:09","date_gmt":"2017-03-16T12:00:09","guid":{"rendered":"http:\/\/www.sana.sy\/tr\/?p=108082"},"modified":"2017-03-17T15:11:40","modified_gmt":"2017-03-17T13:11:40","slug":"suriye-terorun-ustesinden-gelecek","status":"publish","type":"post","link":"https:\/\/archive.sana.sy\/tr\/?p=108082","title":{"rendered":"Suriye Ter\u00f6r\u00fcn \u00dcstesinden Gelecek"},"content":{"rendered":"<p>\u015eAM \u2013 Birle\u015fmi\u015f Milletlerin Suriye&#8217;deki faaliyetlerinin daimi koordinat\u00f6r\u00fc Ali el Zateri; Suriye&#8217;nin evlatlar\u0131n\u0131n birli\u011fi ve yurtseverlikleri sayesinde maruz kald\u0131\u011f\u0131 bu ter\u00f6re kar\u015f\u0131 zafer kazanaca\u011f\u0131n\u0131 belirtti.<\/p>\n<p>\u015eam\u2019da d\u00fcn meydana gelen ve aralar\u0131nda avukatlar\u0131n bulundu\u011fu onlarca masum sivil insan\u0131n \u015fehit ve yaral\u0131 d\u00fc\u015fmelerinden dolay\u0131 kendisi ve meslekta\u015flar\u0131n\u0131n derin bir \u00fcz\u00fcnt\u00fc duydu\u011funu ifade eden Zateri; Suriye&#8217;de bar\u0131\u015f ve istikrar\u0131n sa\u011flanmas\u0131 \u00e7abalar\u0131n\u0131 destekledi\u011fini kaydetti.<\/p>\n","protected":false},"excerpt":{"rendered":"<p>\u015eAM \u2013 Birle\u015fmi\u015f Milletlerin Suriye&#8217;deki faaliyetlerinin daimi koordinat\u00f6r\u00fc Ali el Zateri; Suriye&#8217;nin evlatlar\u0131n\u0131n birli\u011fi ve yurtseverlikleri sayesinde maruz kald\u0131\u011f\u0131 bu ter\u00f6re kar\u015f\u0131 zafer kazanaca\u011f\u0131n\u0131 belirtti. \u015eam\u2019da d\u00fcn meydana gelen ve aralar\u0131nda avukatlar\u0131n bulundu\u011fu onlarca masum sivil insan\u0131n \u015fehit ve yaral\u0131 d\u00fc\u015fmelerinden dolay\u0131 kendisi ve meslekta\u015flar\u0131n\u0131n derin bir \u00fcz\u00fcnt\u00fc duydu\u011funu ifade eden Zateri; Suriye&#8217;de bar\u0131\u015f ve &hellip;<\/p>\n","protected":false},"author":1,"featured_media":108091,"comment_status":"closed","ping_status":"closed","sticky":false,"template":"","format":"standard","meta":{"footnotes":""},"categories":[479,17988,478],"tags":[28409,28410,28411,19427,28408],"class_list":["post-108082","post","type-post","status-publish","format-standard","has-post-thumbnail","","category-haberler-yerel","category-son-haberler","category-yerel","tag-ali-zateri","tag-birlesmis-milletlerin-suriyedeki-faaliyetlerinin-daimi-koordinatoru","tag-bm-koordinatoru","tag-bombali-teror-eylemleri","tag-suriye-terorun-ustesinden-gelecek"],"_links":{"self":[{"href":"https:\/\/archive.sana.sy\/tr\/index.php?rest_route=\/wp\/v2\/posts\/108082","targetHints":{"allow":["GET"]}}],"collection":[{"href":"https:\/\/archive.sana.sy\/tr\/index.php?rest_route=\/wp\/v2\/posts"}],"about":[{"href":"https:\/\/archive.sana.sy\/tr\/index.php?rest_route=\/wp\/v2\/types\/post"}],"author":[{"embeddable":true,"href":"https:\/\/archive.sana.sy\/tr\/index.php?rest_route=\/wp\/v2\/users\/1"}],"replies":[{"embeddable":true,"href":"https:\/\/archive.sana.sy\/tr\/index.php?rest_route=%2Fwp%2Fv2%2Fcomments&post=108082"}],"version-history":[{"count":0,"href":"https:\/\/archive.sana.sy\/tr\/index.php?rest_route=\/wp\/v2\/posts\/108082\/revisions"}],"wp:featuredmedia":[{"embeddable":true,"href":"https:\/\/archive.sana.sy\/tr\/index.php?rest_route=\/wp\/v2\/media\/108091"}],"wp:attachment":[{"href":"https:\/\/archive.sana.sy\/tr\/index.php?rest_route=%2Fwp%2Fv2%2Fmedia&parent=108082"}],"wp:term":[{"taxonomy":"category","embeddable":true,"href":"https:\/\/archive.sana.sy\/tr\/index.php?rest_route=%2Fwp%2Fv2%2Fcategories&post=108082"},{"taxonomy":"post_tag","embeddable":true,"href":"https:\/\/archive.sana.sy\/tr\/index.php?rest_route=%2Fwp%2Fv2%2Ftags&post=108082"}],"curies":[{"name":"wp","href":"https:\/\/api.w.org\/{rel}","templated":true}]}}