{"id":108148,"date":"2017-03-17T17:35:52","date_gmt":"2017-03-17T15:35:52","guid":{"rendered":"http:\/\/www.sana.sy\/tr\/?p=108148"},"modified":"2017-03-17T17:35:52","modified_gmt":"2017-03-17T15:35:52","slug":"israilin-suriyeye-saldirilarinda-one-surdugu-iddia-ve-bahanelerin-her-defasinda-kullandigi-ucuz-carpitma-cabalarindan-baska-bir-sey-olmadigina-dikkat-ceken-bakanlik-suriye-topraklari-olan","status":"publish","type":"post","link":"https:\/\/archive.sana.sy\/tr\/?p=108148","title":{"rendered":"\u0130srail\u2019in Suriye&#8217;ye sald\u0131r\u0131lar\u0131nda \u00f6ne s\u00fcrd\u00fc\u011f\u00fc iddia ve bahanelerin, her defas\u0131nda kulland\u0131\u011f\u0131 ucuz \u00e7arp\u0131tma \u00e7abalar\u0131ndan ba\u015fka bir \u015fey olmad\u0131\u011f\u0131na dikkat \u00e7eken bakanl\u0131k; Suriye topraklar\u0131 olan Golan tepelerine ek olarak Filistin topraklar\u0131 ve L\u00fcbnan topraklar\u0131n\u0131n geri kalan\u0131na gayr\u0131 me\u015fru i\u015fgalini s\u00fcrd\u00fcrmesini ge\u00e7erli k\u0131lmada her ba\u015far\u0131s\u0131z d\u00fc\u015ft\u00fc\u011f\u00fcnde bu gibi ucuz \u00e7arp\u0131tmalara ba\u015fvurdu\u011funa dikkat \u00e7ekti\u200f"},"content":{"rendered":"<p>\u0130srail\u2019in Suriye&#8217;ye sald\u0131r\u0131lar\u0131nda \u00f6ne s\u00fcrd\u00fc\u011f\u00fc iddia ve bahanelerin, her defas\u0131nda kulland\u0131\u011f\u0131 ucuz \u00e7arp\u0131tma \u00e7abalar\u0131ndan ba\u015fka bir \u015fey olmad\u0131\u011f\u0131na dikkat \u00e7eken bakanl\u0131k; Suriye topraklar\u0131 olan Golan tepelerine ek olarak Filistin topraklar\u0131 ve L\u00fcbnan topraklar\u0131n\u0131n geri kalan\u0131na gayr\u0131 me\u015fru i\u015fgalini s\u00fcrd\u00fcrmesini ge\u00e7erli k\u0131lmada her ba\u015far\u0131s\u0131z d\u00fc\u015ft\u00fc\u011f\u00fcnde bu gibi ucuz \u00e7arp\u0131tmalara ba\u015fvurdu\u011funa dikkat \u00e7ekti\u200f<\/p>\n","protected":false},"excerpt":{"rendered":"<p>\u0130srail\u2019in Suriye&#8217;ye sald\u0131r\u0131lar\u0131nda \u00f6ne s\u00fcrd\u00fc\u011f\u00fc iddia ve bahanelerin, her defas\u0131nda kulland\u0131\u011f\u0131 ucuz \u00e7arp\u0131tma \u00e7abalar\u0131ndan ba\u015fka bir \u015fey olmad\u0131\u011f\u0131na dikkat \u00e7eken bakanl\u0131k; Suriye topraklar\u0131 olan Golan tepelerine ek olarak Filistin topraklar\u0131 ve L\u00fcbnan topraklar\u0131n\u0131n geri kalan\u0131na gayr\u0131 me\u015fru i\u015fgalini s\u00fcrd\u00fcrmesini ge\u00e7erli k\u0131lmada her ba\u015far\u0131s\u0131z d\u00fc\u015ft\u00fc\u011f\u00fcnde bu gibi ucuz \u00e7arp\u0131tmalara ba\u015fvurdu\u011funa dikkat \u00e7ekti\u200f<\/p>\n","protected":false},"author":1,"featured_media":0,"comment_status":"closed","ping_status":"closed","sticky":false,"template":"","format":"standard","meta":{"footnotes":""},"categories":[17991],"tags":[],"class_list":["post-108148","post","type-post","status-publish","format-standard","","category-son-dakika"],"_links":{"self":[{"href":"https:\/\/archive.sana.sy\/tr\/index.php?rest_route=\/wp\/v2\/posts\/108148","targetHints":{"allow":["GET"]}}],"collection":[{"href":"https:\/\/archive.sana.sy\/tr\/index.php?rest_route=\/wp\/v2\/posts"}],"about":[{"href":"https:\/\/archive.sana.sy\/tr\/index.php?rest_route=\/wp\/v2\/types\/post"}],"author":[{"embeddable":true,"href":"https:\/\/archive.sana.sy\/tr\/index.php?rest_route=\/wp\/v2\/users\/1"}],"replies":[{"embeddable":true,"href":"https:\/\/archive.sana.sy\/tr\/index.php?rest_route=%2Fwp%2Fv2%2Fcomments&post=108148"}],"version-history":[{"count":0,"href":"https:\/\/archive.sana.sy\/tr\/index.php?rest_route=\/wp\/v2\/posts\/108148\/revisions"}],"wp:attachment":[{"href":"https:\/\/archive.sana.sy\/tr\/index.php?rest_route=%2Fwp%2Fv2%2Fmedia&parent=108148"}],"wp:term":[{"taxonomy":"category","embeddable":true,"href":"https:\/\/archive.sana.sy\/tr\/index.php?rest_route=%2Fwp%2Fv2%2Fcategories&post=108148"},{"taxonomy":"post_tag","embeddable":true,"href":"https:\/\/archive.sana.sy\/tr\/index.php?rest_route=%2Fwp%2Fv2%2Ftags&post=108148"}],"curies":[{"name":"wp","href":"https:\/\/api.w.org\/{rel}","templated":true}]}}