{"id":10815,"date":"2014-09-21T19:17:45","date_gmt":"2014-09-21T16:17:45","guid":{"rendered":"http:\/\/www.sana.sy\/tr\/?p=10815"},"modified":"2014-09-22T12:57:24","modified_gmt":"2014-09-22T09:57:24","slug":"eski-homsta-bir-silah-deposu-ve-meydan-hastanesi-bulundu","status":"publish","type":"post","link":"https:\/\/archive.sana.sy\/tr\/?p=10815","title":{"rendered":"Silah Depolar\u0131 ve Sahra Hastaneleri Bulundu"},"content":{"rendered":"<p>HOMS \u2013 Homs Valili\u011finde bir kaynak g\u00fcvenlik g\u00fc\u00e7lerinin Homs Kentinin eski semtlerinden Curet el \u015eayyah\u2019ta yapt\u0131\u011f\u0131 aramalarda b\u00fcy\u00fck miktarda silah ve cephanelik yan\u0131 s\u0131ra ter\u00f6ristlerin kulland\u0131klar\u0131 bir sahra hastanesi bulduklar\u0131n\u0131 kaydetti.<\/p>\n<p>Kaynak el konulan silahlar\u0131n aras\u0131nda uzun namlulu otomatik silahlar, keskin ni\u015fanc\u0131 silahlar\u0131, RPG roket atarlar\u0131 ve \u00e7ok say\u0131da f\u00fcze bataryalar\u0131 oldu\u011funu bildirdi.<\/p>\n<p>Katnak sahra\u00a0hastanesinde ise muhtelif t\u00fcr ila\u00e7 ve serumlar\u0131n bulundu\u011funu aktard\u0131.<\/p>\n<p>Ge\u00e7en Cuma g\u00fcn\u00fcnde Hamidiye mahallesinde bir bomba at\u00f6lyesi bulunmu\u015ftu. Bu silahlar\u0131 ter\u00f6rist \u00e7eteler semtten \u00e7\u0131kmadan \u00f6nce saklam\u0131\u015ft\u0131.<\/p>\n","protected":false},"excerpt":{"rendered":"<p>HOMS \u2013 Homs Valili\u011finde bir kaynak g\u00fcvenlik g\u00fc\u00e7lerinin Homs Kentinin eski semtlerinden Curet el \u015eayyah\u2019ta yapt\u0131\u011f\u0131 aramalarda b\u00fcy\u00fck miktarda silah ve cephanelik yan\u0131 s\u0131ra ter\u00f6ristlerin kulland\u0131klar\u0131 bir sahra hastanesi bulduklar\u0131n\u0131 kaydetti. Kaynak el konulan silahlar\u0131n aras\u0131nda uzun namlulu otomatik silahlar, keskin ni\u015fanc\u0131 silahlar\u0131, RPG roket atarlar\u0131 ve \u00e7ok say\u0131da f\u00fcze bataryalar\u0131 oldu\u011funu bildirdi. Katnak sahra\u00a0hastanesinde &hellip;<\/p>\n","protected":false},"author":1,"featured_media":10816,"comment_status":"closed","ping_status":"closed","sticky":false,"template":"","format":"standard","meta":{"footnotes":""},"categories":[479,575,478],"tags":[2550,2577],"class_list":["post-10815","post","type-post","status-publish","format-standard","has-post-thumbnail","","category-haberler-yerel","category-olaylar-ve-gercekler","category-yerel","tag-eski-homsta-bir-silah-deposu-ve-meydan-hastanesi-bulundu","tag-silah-depolari-ve-sahra-hastaneleri-bulundu"],"_links":{"self":[{"href":"https:\/\/archive.sana.sy\/tr\/index.php?rest_route=\/wp\/v2\/posts\/10815","targetHints":{"allow":["GET"]}}],"collection":[{"href":"https:\/\/archive.sana.sy\/tr\/index.php?rest_route=\/wp\/v2\/posts"}],"about":[{"href":"https:\/\/archive.sana.sy\/tr\/index.php?rest_route=\/wp\/v2\/types\/post"}],"author":[{"embeddable":true,"href":"https:\/\/archive.sana.sy\/tr\/index.php?rest_route=\/wp\/v2\/users\/1"}],"replies":[{"embeddable":true,"href":"https:\/\/archive.sana.sy\/tr\/index.php?rest_route=%2Fwp%2Fv2%2Fcomments&post=10815"}],"version-history":[{"count":0,"href":"https:\/\/archive.sana.sy\/tr\/index.php?rest_route=\/wp\/v2\/posts\/10815\/revisions"}],"wp:featuredmedia":[{"embeddable":true,"href":"https:\/\/archive.sana.sy\/tr\/index.php?rest_route=\/wp\/v2\/media\/10816"}],"wp:attachment":[{"href":"https:\/\/archive.sana.sy\/tr\/index.php?rest_route=%2Fwp%2Fv2%2Fmedia&parent=10815"}],"wp:term":[{"taxonomy":"category","embeddable":true,"href":"https:\/\/archive.sana.sy\/tr\/index.php?rest_route=%2Fwp%2Fv2%2Fcategories&post=10815"},{"taxonomy":"post_tag","embeddable":true,"href":"https:\/\/archive.sana.sy\/tr\/index.php?rest_route=%2Fwp%2Fv2%2Ftags&post=10815"}],"curies":[{"name":"wp","href":"https:\/\/api.w.org\/{rel}","templated":true}]}}