{"id":108222,"date":"2017-03-18T08:40:41","date_gmt":"2017-03-18T06:40:41","guid":{"rendered":"http:\/\/www.sana.sy\/tr\/?p=108222"},"modified":"2017-03-18T13:02:41","modified_gmt":"2017-03-18T11:02:41","slug":"homs-kentinin-bati-kenarlarina-dusen-vaer-semtinin-terorden-temizlenmesi-ve-devlet-kurumlarinin-semtte-yeniden-hizmete-baslamasi-amaciyla-saglanan-uzlasmanin-hayata-gecirilme-sureci-kapsaminda-semtte","status":"publish","type":"post","link":"https:\/\/archive.sana.sy\/tr\/?p=108222","title":{"rendered":"Homs Kentinin bat\u0131 kenarlar\u0131na d\u00fc\u015fen Vaer Semtinin ter\u00f6rden temizlenmesi ve devlet kurumlar\u0131n\u0131n semtte yeniden hizmete ba\u015flamas\u0131 amac\u0131yla sa\u011flanan uzla\u015fman\u0131n hayata ge\u00e7irilme s\u00fcreci kapsam\u0131nda semtte bulunan silahl\u0131lar ve ailelerinin ilk b\u00f6l\u00fcm\u00fc otob\u00fcslerle \u00e7\u0131kmaya ba\u015flad\u0131"},"content":{"rendered":"<p>Homs Kentinin bat\u0131 kenarlar\u0131na d\u00fc\u015fen Vaer Semtinin ter\u00f6rden temizlenmesi ve devlet kurumlar\u0131n\u0131n semtte yeniden hizmete ba\u015flamas\u0131 amac\u0131yla sa\u011flanan uzla\u015fman\u0131n hayata ge\u00e7irilme s\u00fcreci kapsam\u0131nda semtte bulunan silahl\u0131lar ve ailelerinin ilk b\u00f6l\u00fcm\u00fc otob\u00fcslerle \u00e7\u0131kmaya ba\u015flad\u0131<\/p>\n","protected":false},"excerpt":{"rendered":"<p>Homs Kentinin bat\u0131 kenarlar\u0131na d\u00fc\u015fen Vaer Semtinin ter\u00f6rden temizlenmesi ve devlet kurumlar\u0131n\u0131n semtte yeniden hizmete ba\u015flamas\u0131 amac\u0131yla sa\u011flanan uzla\u015fman\u0131n hayata ge\u00e7irilme s\u00fcreci kapsam\u0131nda semtte bulunan silahl\u0131lar ve ailelerinin ilk b\u00f6l\u00fcm\u00fc otob\u00fcslerle \u00e7\u0131kmaya ba\u015flad\u0131<\/p>\n","protected":false},"author":1,"featured_media":0,"comment_status":"closed","ping_status":"closed","sticky":false,"template":"","format":"standard","meta":{"footnotes":""},"categories":[17991],"tags":[],"class_list":["post-108222","post","type-post","status-publish","format-standard","","category-son-dakika"],"_links":{"self":[{"href":"https:\/\/archive.sana.sy\/tr\/index.php?rest_route=\/wp\/v2\/posts\/108222","targetHints":{"allow":["GET"]}}],"collection":[{"href":"https:\/\/archive.sana.sy\/tr\/index.php?rest_route=\/wp\/v2\/posts"}],"about":[{"href":"https:\/\/archive.sana.sy\/tr\/index.php?rest_route=\/wp\/v2\/types\/post"}],"author":[{"embeddable":true,"href":"https:\/\/archive.sana.sy\/tr\/index.php?rest_route=\/wp\/v2\/users\/1"}],"replies":[{"embeddable":true,"href":"https:\/\/archive.sana.sy\/tr\/index.php?rest_route=%2Fwp%2Fv2%2Fcomments&post=108222"}],"version-history":[{"count":0,"href":"https:\/\/archive.sana.sy\/tr\/index.php?rest_route=\/wp\/v2\/posts\/108222\/revisions"}],"wp:attachment":[{"href":"https:\/\/archive.sana.sy\/tr\/index.php?rest_route=%2Fwp%2Fv2%2Fmedia&parent=108222"}],"wp:term":[{"taxonomy":"category","embeddable":true,"href":"https:\/\/archive.sana.sy\/tr\/index.php?rest_route=%2Fwp%2Fv2%2Fcategories&post=108222"},{"taxonomy":"post_tag","embeddable":true,"href":"https:\/\/archive.sana.sy\/tr\/index.php?rest_route=%2Fwp%2Fv2%2Ftags&post=108222"}],"curies":[{"name":"wp","href":"https:\/\/api.w.org\/{rel}","templated":true}]}}