{"id":108326,"date":"2017-03-18T22:06:12","date_gmt":"2017-03-18T20:06:12","guid":{"rendered":"http:\/\/www.sana.sy\/tr\/?p=108326"},"modified":"2017-03-19T10:11:02","modified_gmt":"2017-03-19T08:11:02","slug":"sehit-aileleri-evlatlarinin-sehitligi-ile-gururlarini-ifade-ettiler-video","status":"publish","type":"post","link":"https:\/\/archive.sana.sy\/tr\/?p=108326","title":{"rendered":"\u015eehit Aileleri Evlatlar\u0131n\u0131n \u015eehitli\u011fi \u0130le Gururlar\u0131n\u0131 \u0130fade Ettiler (video)"},"content":{"rendered":"<p>\u015eAM \u2013 \u00d6l\u00fcms\u00fcz \u00d6nder Haf\u0131z el Esad\u2019\u0131 Sevenler Toplulu\u011fu d\u00fcn Ebu Romani K\u00fclt\u00fcr Merkezinde d\u00fczenledikleri t\u00f6rende 50 \u015fehidimizin ailesini izaz etti.<\/p>\n<p><a href=\"http:\/\/www.sana.sy\/tr\/wp-content\/uploads\/2017\/03\/1-80.jpg\"><img loading=\"lazy\" decoding=\"async\" class=\"alignright wp-image-108329 size-medium\" src=\"http:\/\/www.sana.sy\/tr\/wp-content\/uploads\/2017\/03\/1-80-300x168.jpg\" alt=\"\" width=\"300\" height=\"168\" srcset=\"https:\/\/archive.sana.sy\/tr\/wp-content\/uploads\/2017\/03\/1-80-300x168.jpg 300w, https:\/\/archive.sana.sy\/tr\/wp-content\/uploads\/2017\/03\/1-80-150x84.jpg 150w, https:\/\/archive.sana.sy\/tr\/wp-content\/uploads\/2017\/03\/1-80.jpg 660w\" sizes=\"auto, (max-width: 300px) 100vw, 300px\" \/><\/a>Sanat\u00e7\u0131 Nesim \u0130sa\u2019n\u0131n \u015fehitlerin muazzam fedakarl\u0131klar\u0131 ve \u015fehitlik de\u011ferleri temas\u0131yla sundu\u011fu m\u00fczik dinletisiyle ba\u015flayan t\u00f6ren ailelerin, canlar\u0131n\u0131 vatan savunmas\u0131nda teredd\u00fcts\u00fczce feda eden \u015fehit evlatlar\u0131 ile duyduklar\u0131 gururu ifade ettikleri konu\u015fmalar\u0131yla devam etti.<\/p>\n<p>\u015eehidimiz Vesim Afif\u2019in Babas\u0131 SANA\u2019ya yapt\u0131\u011f\u0131 a\u00e7\u0131klamada vatan savunmas\u0131n\u0131n ulusal kimli\u011fin temeli olmas\u0131 itibariyle kutsal bir g\u00f6rev oldu\u011funu ifade ederek g\u00f6z\u00fcnden sak\u0131nd\u0131\u011f\u0131 evlad\u0131n\u0131n vatan u\u011fruna kahramanca \u015fehit d\u00fc\u015fmesinden duydu\u011fu onuru belirtti.<\/p>\n<p><a href=\"http:\/\/www.sana.sy\/tr\/wp-content\/uploads\/2017\/03\/2-63.jpg\"><img loading=\"lazy\" decoding=\"async\" class=\"alignright wp-image-108330 size-medium\" src=\"http:\/\/www.sana.sy\/tr\/wp-content\/uploads\/2017\/03\/2-63-300x168.jpg\" alt=\"\" width=\"300\" height=\"168\" srcset=\"https:\/\/archive.sana.sy\/tr\/wp-content\/uploads\/2017\/03\/2-63-300x168.jpg 300w, https:\/\/archive.sana.sy\/tr\/wp-content\/uploads\/2017\/03\/2-63-150x84.jpg 150w, https:\/\/archive.sana.sy\/tr\/wp-content\/uploads\/2017\/03\/2-63.jpg 660w\" sizes=\"auto, (max-width: 300px) 100vw, 300px\" \/><\/a>\u015eehitlerimizden Tar\u0131k Muhsin Beryan\u2019\u0131n annesi \u015fehit evlad\u0131n\u0131 vatan sevgisi ve vatana vefa bilinciyle yeti\u015ftirdi\u011fini dile getirirken \u015eehit Tar\u0131k Aveyd\u2019in annesi evlad\u0131n\u0131n \u015fehitli\u011fi ile gurur duydu\u011funu ve di\u011fer evlatlar\u0131n\u0131n da vatan u\u011fruna \u015fehit d\u00fc\u015fmeye haz\u0131r olduklar\u0131n\u0131 ifade etti.<\/p>\n<p>\u00d6l\u00fcms\u00fcz \u00d6nder Haf\u0131z el Esad\u2019\u0131 Sevenler Toplulu\u011fu Ba\u015fkan\u0131 Muhammed Hasan Amane; toplulu\u011fun \u00f6ncelikli \u00f6nceli\u011finin \u015fehit aileleri ve gazilerimize destek sunmak oldu\u011funu ifade ederek bu kapsamda d\u00fczenledikleri kan ba\u011f\u0131\u015f\u0131 kampanyas\u0131n\u0131n da s\u00fcrd\u00fc\u011f\u00fcn\u00fc belirtti.<\/p>\n<p><a href=\"http:\/\/www.sana.sy\/tr\/wp-content\/uploads\/2017\/03\/4-32.jpg\"><img loading=\"lazy\" decoding=\"async\" class=\"alignright wp-image-108331 size-medium\" src=\"http:\/\/www.sana.sy\/tr\/wp-content\/uploads\/2017\/03\/4-32-300x168.jpg\" alt=\"\" width=\"300\" height=\"168\" srcset=\"https:\/\/archive.sana.sy\/tr\/wp-content\/uploads\/2017\/03\/4-32-300x168.jpg 300w, https:\/\/archive.sana.sy\/tr\/wp-content\/uploads\/2017\/03\/4-32-150x84.jpg 150w, https:\/\/archive.sana.sy\/tr\/wp-content\/uploads\/2017\/03\/4-32.jpg 660w\" sizes=\"auto, (max-width: 300px) 100vw, 300px\" \/><\/a>\u015eehit evlatlar\u0131n\u0131 desteklemenin onurlu her vatanda\u015f\u0131n g\u00f6revi oldu\u011funa dikkat \u00e7eken Amane; vatan\u0131n maruz kald\u0131\u011f\u0131 sald\u0131r\u0131lar kar\u015f\u0131s\u0131ndaki g\u00fc\u00e7, idare ve azmin temelinde, u\u011fruna can vermeye haz\u0131r vatan evlatlar\u0131 bulundu\u011funun alt\u0131n\u0131 \u00e7izdi.<\/p>\n<p>Hat\u0131rlanaca\u011f\u0131 \u00fczere \u00d6l\u00fcms\u00fcz \u00d6nder Haf\u0131z el Esad\u2019\u0131 Sevenler Toplulu\u011fu ge\u00e7ti\u011fimiz \u015fubat vatan savunmas\u0131nda yaralanan gazilerimiz i\u00e7in kan ba\u011f\u0131\u015f\u0131 kampanyas\u0131 ba\u015flatt\u0131\u011f\u0131n\u0131 ilan etmi\u015fti.<\/p>\n<p>https:\/\/www.youtube.com\/watch?v=G2EkQRec2kY<\/p>\n","protected":false},"excerpt":{"rendered":"<p>\u015eAM \u2013 \u00d6l\u00fcms\u00fcz \u00d6nder Haf\u0131z el Esad\u2019\u0131 Sevenler Toplulu\u011fu d\u00fcn Ebu Romani K\u00fclt\u00fcr Merkezinde d\u00fczenledikleri t\u00f6rende 50 \u015fehidimizin ailesini izaz etti. Sanat\u00e7\u0131 Nesim \u0130sa\u2019n\u0131n \u015fehitlerin muazzam fedakarl\u0131klar\u0131 ve \u015fehitlik de\u011ferleri temas\u0131yla sundu\u011fu m\u00fczik dinletisiyle ba\u015flayan t\u00f6ren ailelerin, canlar\u0131n\u0131 vatan savunmas\u0131nda teredd\u00fcts\u00fczce feda eden \u015fehit evlatlar\u0131 ile duyduklar\u0131 gururu ifade ettikleri konu\u015fmalar\u0131yla devam etti. \u015eehidimiz Vesim &hellip;<\/p>\n","protected":false},"author":1,"featured_media":108328,"comment_status":"closed","ping_status":"closed","sticky":false,"template":"","format":"standard","meta":{"footnotes":""},"categories":[479,17988,478],"tags":[28465,28464],"class_list":["post-108326","post","type-post","status-publish","format-standard","has-post-thumbnail","","category-haberler-yerel","category-son-haberler","category-yerel","tag-sam-olumsuz-onder-hafiz-el-esadi-sevenler-toplulugu-dun-ebu-romani-kultur-merkezinde-duzenledikleri-torende-50-sehidimizin-ailesini-izaz-etti","tag-sehit-aileleri-evlatlarinin-sehitligi-ile-gururlarini-ifade-ettiler"],"_links":{"self":[{"href":"https:\/\/archive.sana.sy\/tr\/index.php?rest_route=\/wp\/v2\/posts\/108326","targetHints":{"allow":["GET"]}}],"collection":[{"href":"https:\/\/archive.sana.sy\/tr\/index.php?rest_route=\/wp\/v2\/posts"}],"about":[{"href":"https:\/\/archive.sana.sy\/tr\/index.php?rest_route=\/wp\/v2\/types\/post"}],"author":[{"embeddable":true,"href":"https:\/\/archive.sana.sy\/tr\/index.php?rest_route=\/wp\/v2\/users\/1"}],"replies":[{"embeddable":true,"href":"https:\/\/archive.sana.sy\/tr\/index.php?rest_route=%2Fwp%2Fv2%2Fcomments&post=108326"}],"version-history":[{"count":0,"href":"https:\/\/archive.sana.sy\/tr\/index.php?rest_route=\/wp\/v2\/posts\/108326\/revisions"}],"wp:featuredmedia":[{"embeddable":true,"href":"https:\/\/archive.sana.sy\/tr\/index.php?rest_route=\/wp\/v2\/media\/108328"}],"wp:attachment":[{"href":"https:\/\/archive.sana.sy\/tr\/index.php?rest_route=%2Fwp%2Fv2%2Fmedia&parent=108326"}],"wp:term":[{"taxonomy":"category","embeddable":true,"href":"https:\/\/archive.sana.sy\/tr\/index.php?rest_route=%2Fwp%2Fv2%2Fcategories&post=108326"},{"taxonomy":"post_tag","embeddable":true,"href":"https:\/\/archive.sana.sy\/tr\/index.php?rest_route=%2Fwp%2Fv2%2Ftags&post=108326"}],"curies":[{"name":"wp","href":"https:\/\/api.w.org\/{rel}","templated":true}]}}