{"id":108379,"date":"2017-03-19T16:45:07","date_gmt":"2017-03-19T14:45:07","guid":{"rendered":"http:\/\/www.sana.sy\/tr\/?p=108379"},"modified":"2017-03-20T13:38:50","modified_gmt":"2017-03-20T11:38:50","slug":"saldirilari-cokertilirken-agir-kayiplara-ugratildilar-video","status":"publish","type":"post","link":"https:\/\/archive.sana.sy\/tr\/?p=108379","title":{"rendered":"Sald\u0131r\u0131lar\u0131 \u00c7\u00f6kertilirken A\u011f\u0131r Kay\u0131plara U\u011frat\u0131ld\u0131lar (video)"},"content":{"rendered":"<p>\u0130LLER \u2013 I\u015e\u0130D ve Nusra Cephesine kar\u015f\u0131 devam eden operasyonlarda ordu birliklerimiz bug\u00fcn bu iki radikal ter\u00f6r \u00f6rg\u00fct\u00fc b\u00fcy\u00fck kay\u0131plara u\u011fratmalar\u0131 ard\u0131ndan sald\u0131r\u0131lar\u0131n\u0131 \u00e7\u00f6kerterek ordu kontrol\u00fc alt\u0131ndaki b\u00f6lgeleri geni\u015fletti.<\/p>\n<p><span style=\"color: #0000ff\">HOMS:<\/span><\/p>\n<p>SANA\u2019ya a\u00e7\u0131klama yapan askeri kaynak; ordu birliklerimizin Homs \u0130linin do\u011fusu Tedmur k\u0131rsal\u0131n\u0131n da do\u011fusunda yer alan Mezar Da\u011flar\u0131n\u0131n yakla\u015f\u0131k 3 km kuzeyine d\u00fc\u015fen s\u0131rada\u011flar\u0131n tamam\u0131n\u0131 I\u015e\u0130D\u2019ten kurtar\u0131p kontrollerine ge\u00e7irdiklerini belirtti.<\/p>\n<p>Nitelikli operasyonlarda bu da\u011flar\u0131n yak\u0131nlar\u0131nda yer alan Haram s\u0131rada\u011flar\u0131n\u0131n da ate\u015f kontrol\u00fcne al\u0131nd\u0131\u011f\u0131n\u0131 ifade eden kaynak; operasyonlarda aralar\u0131nda tehlikeli isimlerin bulundu\u011fu bir\u00e7ok ter\u00f6ristin \u00f6l\u00fc ve yaral\u0131 d\u00fc\u015f\u00fcr\u00fcl\u00fcp havzalar\u0131nda bulunan silah ve m\u00fchimmatlar\u0131n\u0131n yok edildi\u011fine dikkat \u00e7ekti. Kaynak operasyonlarda tekfirci ter\u00f6r \u00f6rg\u00fct\u00fc I\u015e\u0130D\u2019e ait ara\u00e7lar\u0131n da imha edildi\u011fini s\u00f6yledi.<\/p>\n<p>Askeri kaynak ordu birliklerimizin Homs k\u0131rsal\u0131n\u0131n kuzeyi Deyr Ful B\u00f6lgesinde Nusra Cephesine ait b\u00fcy\u00fck miktarda silah ve m\u00fchimmat i\u00e7eren b\u00fcy\u00fck bir cephane deposunu muhtevalar\u0131yla imha ettiklerini belirtti.<\/p>\n<p>Kaynak cephane deposunda patlay\u0131c\u0131n\u0131n da bulunmas\u0131yla b\u00f6lgede b\u00fcy\u00fck patlama seslerinin duyuldu\u011funu ifade ederken, orada bulunan t\u00fcm ter\u00f6ristlerin etkisiz hale geldiklerini kaydetti.<\/p>\n<p>G\u00fcn\u00fcn ilerleyen saatlerinde a\u00e7\u0131klama yapan askeri kaynak; ordu birliklerimizin destek\u00e7i g\u00fc\u00e7lerle i\u015fbirli\u011fi i\u00e7inde Homs \u0130linin do\u011fusunda I\u015e\u0130D\u2019e kar\u015f\u0131 operasyonlar\u0131nda Tedmur Kentinin yakla\u015f\u0131k 20 km do\u011fusunda yer alan Tleyla S\u0131rada\u011flar\u0131n\u0131n tamam\u0131n\u0131 tekfirci \u00f6rg\u00fctten kurtar\u0131p kontrol\u00fc sa\u011flad\u0131klar\u0131n\u0131 belirtti.<\/p>\n<p>https:\/\/www.youtube.com\/watch?v=aGfxL3oQkU0<\/p>\n<p><span style=\"color: #0000ff\">\u015eAM:<\/span><\/p>\n<p>Di\u011fer yandan askeri kaynak; ordu birliklerimizin bug\u00fcn \u015fafak saatlerinde \u015eam Kentinin do\u011fusu Kra\u015f Fabrikas\u0131 \u2013 Tekstil \u015eirketi \u2013 Cobar eksenlerinde askeri noktalara ve yerle\u015fim binalar\u0131na s\u0131zmaya \u00e7al\u0131\u015fan Nusra Cepheli ter\u00f6r gruplarla \u015fiddetli \u00e7at\u0131\u015fmalara girdiklerini belirtti.<\/p>\n<p>T\u00fcneller arac\u0131l\u0131\u011f\u0131yla s\u0131zmaya \u00e7al\u0131\u015fan ter\u00f6ristlerin ilk etapta sald\u0131r\u0131lar\u0131 \u00e7\u00f6kertilmesi ard\u0131ndan kulland\u0131klar\u0131 t\u00fcnellerin imha edildi\u011fini ifade eden kaynak; Nusra Cephesi ve \u2018Feylak el Rahman T\u00fcmeni\u2019 adl\u0131 radikal ter\u00f6ristlerden \u00e7ok say\u0131da ter\u00f6ristin \u00f6ld\u00fcr\u00fcld\u00fc\u011f\u00fcn\u00fc aktard\u0131.<\/p>\n<p>Kaynak ya\u015fanan \u015fiddetli \u00e7at\u0131\u015fmalarda intihar eylemcisi ter\u00f6ristlerin kulland\u0131klar\u0131 2 bombal\u0131 arac\u0131n hedefe ula\u015fmadan \u00f6nce ordu birliklerimiz taraf\u0131ndan ba\u015far\u0131yla imha edildi\u011fine dikkat \u00e7ekti.<\/p>\n<p>G\u00fcn\u00fcn ilerleyen saatlerinde askeri kaynak; ordu birliklerimizin \u015eam\u2019\u0131n do\u011fusu Cobar ekseninde askeri noktalara sald\u0131ran tekfirci ter\u00f6ristlerin sald\u0131r\u0131lar\u0131n\u0131 \u00e7\u00f6kertmeleri ard\u0131ndan sald\u0131rganlar\u0131 s\u0131k\u0131 bir \u00e7embere almay\u0131 ba\u015fard\u0131klar\u0131n\u0131 belirtirken, \u00e7emberde bulunan ter\u00f6ristleri etkisizle\u015ftirme operasyonlar\u0131n\u0131n devam etti\u011fini kaydetti.<\/p>\n<p><span style=\"color: #0000ff\">HAMA:<\/span><\/p>\n<p>Bu arada askeri kaynak ordu birliklerimizin Hama \u0130linin do\u011fusu Selemiye k\u0131rsal\u0131n\u0131n Azb Vadisi B\u00f6lgesinde Nusra Cephesinin bulundu\u011fu il k\u0131rsal\u0131n\u0131n kuzeydo\u011fusundan I\u015e\u0130D\u2019in bulundu\u011fu il k\u0131rsal\u0131n\u0131n do\u011fusuna cephane ta\u015f\u0131yan b\u00fcy\u00fck bir kamyonu y\u00fck\u00fcyle birlikte imha ettiklerini belirtti.<\/p>\n<p>Kamyonda bulunan cephanenin infilak etmesi sonucunda b\u00f6lgede b\u00fcy\u00fck bir patlaman\u0131n duyuldu\u011funa dikkat \u00e7eken kaynak, kamyonda bulunan t\u00fcm ter\u00f6ristlerin \u00f6ld\u00fcklerinin tespit edildi\u011fini kaydetti.<\/p>\n<p><span style=\"color: #0000ff\">DEYREZZOR:<\/span><\/p>\n<p>Bu arada askeri kaynak ordu birliklerimizin Deyrezzor Kentinde 3 y\u0131ldan fazla s\u00fcredir ku\u015fatma alt\u0131nda olan g\u00fcvenli b\u00f6lgelerde masum sivil vatanda\u015flara sald\u0131rmaya \u00e7al\u0131\u015fan I\u015e\u0130D\u2019li radikal ter\u00f6ristlere kar\u015f\u0131 koyduklar\u0131n\u0131 belirtti.<\/p>\n<p>R\u00fc\u015fdiye ve Huveyka semtleri eksenlerinden sivil b\u00f6lgelere ve orada bulunan sivil insanlar\u0131 koruyan askeri noktalara sald\u0131rmaya \u00e7al\u0131\u015fan tekfirci ter\u00f6ristlerle \u015fiddetli \u00e7at\u0131\u015fmalar\u0131n ya\u015fand\u0131\u011f\u0131n\u0131 belirten kaynak; sald\u0131r\u0131n\u0131n ba\u015far\u0131yla \u00e7\u00f6kertildi\u011fini, sald\u0131rganlar\u0131n bir\u00e7o\u011funun \u00f6l\u00fc yaral\u0131 d\u00fc\u015f\u00fcr\u00fcld\u00fc\u011f\u00fcn\u00fc ifade etti.<\/p>\n<p>Kaynak ordu birliklerimizin d\u00fcnk\u00fc operasyonlarda Maamil B\u00f6lgesinde yeni noktalar\u0131n ordu kontrol\u00fcne ge\u00e7ti\u011fi ve 130\u2019dan fazla ter\u00f6ristin \u00f6ld\u00fcr\u00fcld\u00fc\u011f\u00fcne dikkat \u00e7ekti.<\/p>\n<p><span style=\"color: #0000ff\">LAZK\u0130YE:<\/span><\/p>\n<p>\u00d6te yandan askeri kaynak ordu birliklerimizin Lazkiye k\u0131rsal\u0131n\u0131n kuzeydo\u011fusu Kallaba Mezras\u0131 yak\u0131nlar\u0131nda askeri bir mevkie ate\u015f a\u00e7an Nusra Cephesine tabi a\u011f\u0131r silahla donat\u0131lm\u0131\u015f bir arac\u0131 ter\u00f6rist ekibiyle birlikte imha ettiklerini belirtti.<\/p>\n","protected":false},"excerpt":{"rendered":"<p>\u0130LLER \u2013 I\u015e\u0130D ve Nusra Cephesine kar\u015f\u0131 devam eden operasyonlarda ordu birliklerimiz bug\u00fcn bu iki radikal ter\u00f6r \u00f6rg\u00fct\u00fc b\u00fcy\u00fck kay\u0131plara u\u011fratmalar\u0131 ard\u0131ndan sald\u0131r\u0131lar\u0131n\u0131 \u00e7\u00f6kerterek ordu kontrol\u00fc alt\u0131ndaki b\u00f6lgeleri geni\u015fletti. HOMS: SANA\u2019ya a\u00e7\u0131klama yapan askeri kaynak; ordu birliklerimizin Homs \u0130linin do\u011fusu Tedmur k\u0131rsal\u0131n\u0131n da do\u011fusunda yer alan Mezar Da\u011flar\u0131n\u0131n yakla\u015f\u0131k 3 km kuzeyine d\u00fc\u015fen s\u0131rada\u011flar\u0131n tamam\u0131n\u0131 &hellip;<\/p>\n","protected":false},"author":1,"featured_media":108380,"comment_status":"closed","ping_status":"closed","sticky":false,"template":"","format":"standard","meta":{"footnotes":""},"categories":[479,575,17988,478],"tags":[3464,18365,28480,18237,28481,15945,18347,18674,11549,19043,22182,19325,19034,28327,4076],"class_list":["post-108379","post","type-post","status-publish","format-standard","has-post-thumbnail","","category-haberler-yerel","category-olaylar-ve-gercekler","category-son-haberler","category-yerel","tag-nusra-cephesi","tag-ahrar-el-sam","tag-ceysul-sam","tag-cihatcilar","tag-feylak-el-rahman","tag-ilimli-muhalifler","tag-oso","tag-silahli-muhalifler","tag-suriye-ordusu","tag-suriyede-son-durum","tag-suriyede-savas","tag-suriyeli-devrimciler","tag-suriyeli-muhalifler","tag-tahrir-el-sam","tag-terorle-mucadele"],"_links":{"self":[{"href":"https:\/\/archive.sana.sy\/tr\/index.php?rest_route=\/wp\/v2\/posts\/108379","targetHints":{"allow":["GET"]}}],"collection":[{"href":"https:\/\/archive.sana.sy\/tr\/index.php?rest_route=\/wp\/v2\/posts"}],"about":[{"href":"https:\/\/archive.sana.sy\/tr\/index.php?rest_route=\/wp\/v2\/types\/post"}],"author":[{"embeddable":true,"href":"https:\/\/archive.sana.sy\/tr\/index.php?rest_route=\/wp\/v2\/users\/1"}],"replies":[{"embeddable":true,"href":"https:\/\/archive.sana.sy\/tr\/index.php?rest_route=%2Fwp%2Fv2%2Fcomments&post=108379"}],"version-history":[{"count":0,"href":"https:\/\/archive.sana.sy\/tr\/index.php?rest_route=\/wp\/v2\/posts\/108379\/revisions"}],"wp:featuredmedia":[{"embeddable":true,"href":"https:\/\/archive.sana.sy\/tr\/index.php?rest_route=\/wp\/v2\/media\/108380"}],"wp:attachment":[{"href":"https:\/\/archive.sana.sy\/tr\/index.php?rest_route=%2Fwp%2Fv2%2Fmedia&parent=108379"}],"wp:term":[{"taxonomy":"category","embeddable":true,"href":"https:\/\/archive.sana.sy\/tr\/index.php?rest_route=%2Fwp%2Fv2%2Fcategories&post=108379"},{"taxonomy":"post_tag","embeddable":true,"href":"https:\/\/archive.sana.sy\/tr\/index.php?rest_route=%2Fwp%2Fv2%2Ftags&post=108379"}],"curies":[{"name":"wp","href":"https:\/\/api.w.org\/{rel}","templated":true}]}}