{"id":10838,"date":"2014-09-22T10:02:51","date_gmt":"2014-09-22T07:02:51","guid":{"rendered":"http:\/\/www.sana.sy\/tr\/?p=10838"},"modified":"2014-09-22T10:02:51","modified_gmt":"2014-09-22T07:02:51","slug":"isid-deyrezzorda-ermeni-sehitleri-kilisesini-havaya-ucurdu","status":"publish","type":"post","link":"https:\/\/archive.sana.sy\/tr\/?p=10838","title":{"rendered":"I\u015e\u0130D Deyrezzor\u2019da Ermeni \u015eehitleri Kilisesini Havaya U\u00e7urdu"},"content":{"rendered":"<p>DEYREZZOR \u2013 \u201cIrak ve \u015eam \u0130slam Devleti\u201d I\u015e\u0130D adl\u0131 ter\u00f6r \u00f6rg\u00fct\u00fc ter\u00f6ristleri kutsal yerler ve dini rumuzlara y\u00f6nelik sald\u0131r\u0131lar\u0131n\u0131 s\u00fcrd\u00fcr\u00fcyor.<\/p>\n<p>I\u015e\u0130D ter\u00f6ristleri d\u00fcn Deyrezzor kentindeki R\u00fc\u015fd\u00fcye Semtinde bulunan Ermeni \u015eehitleri Kilisesini havaya u\u00e7urdu.<\/p>\n<p>Valilik kayna\u011f\u0131 SANA muhabirine a\u00e7\u0131klamas\u0131nda, \u00f6rg\u00fctten ter\u00f6ristlerin Kilise binas\u0131n\u0131 bomba d\u00fczenekleriyle uzaktan havaya u\u00e7urmalar\u0131 sonucunda Kiliseyi tamamen yerle bir ettiklerini ifade etti.<\/p>\n<p>1991 y\u0131l\u0131nda in\u015fas\u0131 bitirilen Deyrezzor\u2019daki Ermeni \u015eehitleri Kilisesi, 20. Y\u00fczy\u0131l\u0131n ba\u015f\u0131nda Osmanl\u0131lar\u0131n \u00f6ld\u00fcrd\u00fc\u011f\u00fc Ermeni \u015eehitlerin an\u0131s\u0131na in\u015fa edilmi\u015fti.<\/p>\n<p>Suriye ve Irak\u2019ta kutsal yerler ve ibadet yerlerine y\u00f6nelik kanl\u0131 eylemlerini s\u00fcrd\u00fcren I\u015e\u0130D ter\u00f6r \u00f6rg\u00fct\u00fc elemanlar\u0131 uygarl\u0131k ve insani ya\u015famla ilgisi olan her \u015feye y\u00f6nelik kinci ve karanl\u0131k ideolojilerine devem ediyorlar.<\/p>\n","protected":false},"excerpt":{"rendered":"<p>DEYREZZOR \u2013 \u201cIrak ve \u015eam \u0130slam Devleti\u201d I\u015e\u0130D adl\u0131 ter\u00f6r \u00f6rg\u00fct\u00fc ter\u00f6ristleri kutsal yerler ve dini rumuzlara y\u00f6nelik sald\u0131r\u0131lar\u0131n\u0131 s\u00fcrd\u00fcr\u00fcyor. I\u015e\u0130D ter\u00f6ristleri d\u00fcn Deyrezzor kentindeki R\u00fc\u015fd\u00fcye Semtinde bulunan Ermeni \u015eehitleri Kilisesini havaya u\u00e7urdu. Valilik kayna\u011f\u0131 SANA muhabirine a\u00e7\u0131klamas\u0131nda, \u00f6rg\u00fctten ter\u00f6ristlerin Kilise binas\u0131n\u0131 bomba d\u00fczenekleriyle uzaktan havaya u\u00e7urmalar\u0131 sonucunda Kiliseyi tamamen yerle bir ettiklerini ifade etti. &hellip;<\/p>\n","protected":false},"author":1,"featured_media":10839,"comment_status":"closed","ping_status":"closed","sticky":false,"template":"","format":"standard","meta":{"footnotes":""},"categories":[479,575,478],"tags":[2566,2567,2565],"class_list":["post-10838","post","type-post","status-publish","format-standard","has-post-thumbnail","","category-haberler-yerel","category-olaylar-ve-gercekler","category-yerel","tag-ermeni-sehitleri-kilisesi","tag-havaya-ucurdu","tag-isid-deyrezzorda"],"_links":{"self":[{"href":"https:\/\/archive.sana.sy\/tr\/index.php?rest_route=\/wp\/v2\/posts\/10838","targetHints":{"allow":["GET"]}}],"collection":[{"href":"https:\/\/archive.sana.sy\/tr\/index.php?rest_route=\/wp\/v2\/posts"}],"about":[{"href":"https:\/\/archive.sana.sy\/tr\/index.php?rest_route=\/wp\/v2\/types\/post"}],"author":[{"embeddable":true,"href":"https:\/\/archive.sana.sy\/tr\/index.php?rest_route=\/wp\/v2\/users\/1"}],"replies":[{"embeddable":true,"href":"https:\/\/archive.sana.sy\/tr\/index.php?rest_route=%2Fwp%2Fv2%2Fcomments&post=10838"}],"version-history":[{"count":0,"href":"https:\/\/archive.sana.sy\/tr\/index.php?rest_route=\/wp\/v2\/posts\/10838\/revisions"}],"wp:featuredmedia":[{"embeddable":true,"href":"https:\/\/archive.sana.sy\/tr\/index.php?rest_route=\/wp\/v2\/media\/10839"}],"wp:attachment":[{"href":"https:\/\/archive.sana.sy\/tr\/index.php?rest_route=%2Fwp%2Fv2%2Fmedia&parent=10838"}],"wp:term":[{"taxonomy":"category","embeddable":true,"href":"https:\/\/archive.sana.sy\/tr\/index.php?rest_route=%2Fwp%2Fv2%2Fcategories&post=10838"},{"taxonomy":"post_tag","embeddable":true,"href":"https:\/\/archive.sana.sy\/tr\/index.php?rest_route=%2Fwp%2Fv2%2Ftags&post=10838"}],"curies":[{"name":"wp","href":"https:\/\/api.w.org\/{rel}","templated":true}]}}