{"id":108386,"date":"2017-03-19T08:03:08","date_gmt":"2017-03-19T06:03:08","guid":{"rendered":"http:\/\/www.sana.sy\/tr\/?p=108386"},"modified":"2017-03-19T14:03:48","modified_gmt":"2017-03-19T12:03:48","slug":"askeri-kaynak-ordu-birliklerimizin-bugun-safak-saatlerinde-sam-kentinin-dogusu-kras-fabrikasi-tekstil-sirketi-cobar-eksenlerinde-askeri-noktalara-ve-yerlesim-binalarina-sizmaya-ca","status":"publish","type":"post","link":"https:\/\/archive.sana.sy\/tr\/?p=108386","title":{"rendered":"askeri kaynak; ordu birliklerimizin bug\u00fcn \u015fafak saatlerinde \u015eam Kentinin do\u011fusu Kra\u015f Fabrikas\u0131 \u2013 Tekstil \u015eirketi \u2013 Cobar eksenlerinde askeri noktalara ve yerle\u015fim binalar\u0131na s\u0131zmaya \u00e7al\u0131\u015fan Nusra Cepheli ter\u00f6r gruplarla \u015fiddetli \u00e7at\u0131\u015fmalara girdiklerini belirtti"},"content":{"rendered":"<p>askeri kaynak; ordu birliklerimizin bug\u00fcn \u015fafak saatlerinde \u015eam Kentinin do\u011fusu Kra\u015f Fabrikas\u0131 \u2013 Tekstil \u015eirketi \u2013 Cobar eksenlerinde askeri noktalara ve yerle\u015fim binalar\u0131na s\u0131zmaya \u00e7al\u0131\u015fan Nusra Cepheli ter\u00f6r gruplarla \u015fiddetli \u00e7at\u0131\u015fmalara girdiklerini belirtti<\/p>\n","protected":false},"excerpt":{"rendered":"<p>askeri kaynak; ordu birliklerimizin bug\u00fcn \u015fafak saatlerinde \u015eam Kentinin do\u011fusu Kra\u015f Fabrikas\u0131 \u2013 Tekstil \u015eirketi \u2013 Cobar eksenlerinde askeri noktalara ve yerle\u015fim binalar\u0131na s\u0131zmaya \u00e7al\u0131\u015fan Nusra Cepheli ter\u00f6r gruplarla \u015fiddetli \u00e7at\u0131\u015fmalara girdiklerini belirtti<\/p>\n","protected":false},"author":1,"featured_media":0,"comment_status":"closed","ping_status":"closed","sticky":false,"template":"","format":"standard","meta":{"footnotes":""},"categories":[17991],"tags":[],"class_list":["post-108386","post","type-post","status-publish","format-standard","","category-son-dakika"],"_links":{"self":[{"href":"https:\/\/archive.sana.sy\/tr\/index.php?rest_route=\/wp\/v2\/posts\/108386","targetHints":{"allow":["GET"]}}],"collection":[{"href":"https:\/\/archive.sana.sy\/tr\/index.php?rest_route=\/wp\/v2\/posts"}],"about":[{"href":"https:\/\/archive.sana.sy\/tr\/index.php?rest_route=\/wp\/v2\/types\/post"}],"author":[{"embeddable":true,"href":"https:\/\/archive.sana.sy\/tr\/index.php?rest_route=\/wp\/v2\/users\/1"}],"replies":[{"embeddable":true,"href":"https:\/\/archive.sana.sy\/tr\/index.php?rest_route=%2Fwp%2Fv2%2Fcomments&post=108386"}],"version-history":[{"count":0,"href":"https:\/\/archive.sana.sy\/tr\/index.php?rest_route=\/wp\/v2\/posts\/108386\/revisions"}],"wp:attachment":[{"href":"https:\/\/archive.sana.sy\/tr\/index.php?rest_route=%2Fwp%2Fv2%2Fmedia&parent=108386"}],"wp:term":[{"taxonomy":"category","embeddable":true,"href":"https:\/\/archive.sana.sy\/tr\/index.php?rest_route=%2Fwp%2Fv2%2Fcategories&post=108386"},{"taxonomy":"post_tag","embeddable":true,"href":"https:\/\/archive.sana.sy\/tr\/index.php?rest_route=%2Fwp%2Fv2%2Ftags&post=108386"}],"curies":[{"name":"wp","href":"https:\/\/api.w.org\/{rel}","templated":true}]}}