{"id":108388,"date":"2017-03-19T08:08:52","date_gmt":"2017-03-19T06:08:52","guid":{"rendered":"http:\/\/www.sana.sy\/tr\/?p=108388"},"modified":"2017-03-19T14:04:37","modified_gmt":"2017-03-19T12:04:37","slug":"tuneller-araciligiyla-sizmaya-calisan-teroristlerin-ilk-etapta-saldirilari-cokertilmesi-ardindan-kullandiklari-tunellerin-imha-edildigini-ifade-eden-kaynak-nusra-cephesine-tabi-feylak-el-rah","status":"publish","type":"post","link":"https:\/\/archive.sana.sy\/tr\/?p=108388","title":{"rendered":"T\u00fcneller arac\u0131l\u0131\u011f\u0131yla s\u0131zmaya \u00e7al\u0131\u015fan ter\u00f6ristlerin ilk etapta sald\u0131r\u0131lar\u0131 \u00e7\u00f6kertilmesi ard\u0131ndan kulland\u0131klar\u0131 t\u00fcnellerin imha edildi\u011fini ifade eden kaynak; Nusra Cephesine tabi \u2018Feylak el Rahman T\u00fcmeni\u2019 adl\u0131 radikal ter\u00f6ristlerden \u00e7ok say\u0131da ter\u00f6ristin \u00f6ld\u00fcr\u00fcld\u00fc\u011f\u00fcn\u00fc aktard\u0131"},"content":{"rendered":"<p>T\u00fcneller arac\u0131l\u0131\u011f\u0131yla s\u0131zmaya \u00e7al\u0131\u015fan ter\u00f6ristlerin ilk etapta sald\u0131r\u0131lar\u0131 \u00e7\u00f6kertilmesi ard\u0131ndan kulland\u0131klar\u0131 t\u00fcnellerin imha edildi\u011fini ifade eden kaynak; Nusra Cephesine tabi \u2018Feylak el Rahman T\u00fcmeni\u2019 adl\u0131 radikal ter\u00f6ristlerden \u00e7ok say\u0131da ter\u00f6ristin \u00f6ld\u00fcr\u00fcld\u00fc\u011f\u00fcn\u00fc aktard\u0131<\/p>\n","protected":false},"excerpt":{"rendered":"<p>T\u00fcneller arac\u0131l\u0131\u011f\u0131yla s\u0131zmaya \u00e7al\u0131\u015fan ter\u00f6ristlerin ilk etapta sald\u0131r\u0131lar\u0131 \u00e7\u00f6kertilmesi ard\u0131ndan kulland\u0131klar\u0131 t\u00fcnellerin imha edildi\u011fini ifade eden kaynak; Nusra Cephesine tabi \u2018Feylak el Rahman T\u00fcmeni\u2019 adl\u0131 radikal ter\u00f6ristlerden \u00e7ok say\u0131da ter\u00f6ristin \u00f6ld\u00fcr\u00fcld\u00fc\u011f\u00fcn\u00fc aktard\u0131<\/p>\n","protected":false},"author":1,"featured_media":0,"comment_status":"closed","ping_status":"closed","sticky":false,"template":"","format":"standard","meta":{"footnotes":""},"categories":[17991],"tags":[],"class_list":["post-108388","post","type-post","status-publish","format-standard","","category-son-dakika"],"_links":{"self":[{"href":"https:\/\/archive.sana.sy\/tr\/index.php?rest_route=\/wp\/v2\/posts\/108388","targetHints":{"allow":["GET"]}}],"collection":[{"href":"https:\/\/archive.sana.sy\/tr\/index.php?rest_route=\/wp\/v2\/posts"}],"about":[{"href":"https:\/\/archive.sana.sy\/tr\/index.php?rest_route=\/wp\/v2\/types\/post"}],"author":[{"embeddable":true,"href":"https:\/\/archive.sana.sy\/tr\/index.php?rest_route=\/wp\/v2\/users\/1"}],"replies":[{"embeddable":true,"href":"https:\/\/archive.sana.sy\/tr\/index.php?rest_route=%2Fwp%2Fv2%2Fcomments&post=108388"}],"version-history":[{"count":0,"href":"https:\/\/archive.sana.sy\/tr\/index.php?rest_route=\/wp\/v2\/posts\/108388\/revisions"}],"wp:attachment":[{"href":"https:\/\/archive.sana.sy\/tr\/index.php?rest_route=%2Fwp%2Fv2%2Fmedia&parent=108388"}],"wp:term":[{"taxonomy":"category","embeddable":true,"href":"https:\/\/archive.sana.sy\/tr\/index.php?rest_route=%2Fwp%2Fv2%2Fcategories&post=108388"},{"taxonomy":"post_tag","embeddable":true,"href":"https:\/\/archive.sana.sy\/tr\/index.php?rest_route=%2Fwp%2Fv2%2Ftags&post=108388"}],"curies":[{"name":"wp","href":"https:\/\/api.w.org\/{rel}","templated":true}]}}