{"id":108389,"date":"2017-03-19T08:13:26","date_gmt":"2017-03-19T06:13:26","guid":{"rendered":"http:\/\/www.sana.sy\/tr\/?p=108389"},"modified":"2017-03-19T14:05:14","modified_gmt":"2017-03-19T12:05:14","slug":"kaynak-yasanan-siddetli-catismalarda-intihar-eylemcisi-teroristlerin-kullandiklari-2-bombali-aracin-hedefe-ulasmadan-once-ordu-birliklerimiz-tarafindan-basariyla-imha-edildigine-dikkat-cekti","status":"publish","type":"post","link":"https:\/\/archive.sana.sy\/tr\/?p=108389","title":{"rendered":"Kaynak ya\u015fanan \u015fiddetli \u00e7at\u0131\u015fmalarda intihar eylemcisi ter\u00f6ristlerin kulland\u0131klar\u0131 2 bombal\u0131 arac\u0131n hedefe ula\u015fmadan \u00f6nce ordu birliklerimiz taraf\u0131ndan ba\u015far\u0131yla imha edildi\u011fine dikkat \u00e7ekti"},"content":{"rendered":"<p>Kaynak ya\u015fanan \u015fiddetli \u00e7at\u0131\u015fmalarda intihar eylemcisi ter\u00f6ristlerin kulland\u0131klar\u0131 2 bombal\u0131 arac\u0131n hedefe ula\u015fmadan \u00f6nce ordu birliklerimiz taraf\u0131ndan ba\u015far\u0131yla imha edildi\u011fine dikkat \u00e7ekti<\/p>\n","protected":false},"excerpt":{"rendered":"<p>Kaynak ya\u015fanan \u015fiddetli \u00e7at\u0131\u015fmalarda intihar eylemcisi ter\u00f6ristlerin kulland\u0131klar\u0131 2 bombal\u0131 arac\u0131n hedefe ula\u015fmadan \u00f6nce ordu birliklerimiz taraf\u0131ndan ba\u015far\u0131yla imha edildi\u011fine dikkat \u00e7ekti<\/p>\n","protected":false},"author":1,"featured_media":0,"comment_status":"closed","ping_status":"closed","sticky":false,"template":"","format":"standard","meta":{"footnotes":""},"categories":[17991],"tags":[],"class_list":["post-108389","post","type-post","status-publish","format-standard","","category-son-dakika"],"_links":{"self":[{"href":"https:\/\/archive.sana.sy\/tr\/index.php?rest_route=\/wp\/v2\/posts\/108389","targetHints":{"allow":["GET"]}}],"collection":[{"href":"https:\/\/archive.sana.sy\/tr\/index.php?rest_route=\/wp\/v2\/posts"}],"about":[{"href":"https:\/\/archive.sana.sy\/tr\/index.php?rest_route=\/wp\/v2\/types\/post"}],"author":[{"embeddable":true,"href":"https:\/\/archive.sana.sy\/tr\/index.php?rest_route=\/wp\/v2\/users\/1"}],"replies":[{"embeddable":true,"href":"https:\/\/archive.sana.sy\/tr\/index.php?rest_route=%2Fwp%2Fv2%2Fcomments&post=108389"}],"version-history":[{"count":0,"href":"https:\/\/archive.sana.sy\/tr\/index.php?rest_route=\/wp\/v2\/posts\/108389\/revisions"}],"wp:attachment":[{"href":"https:\/\/archive.sana.sy\/tr\/index.php?rest_route=%2Fwp%2Fv2%2Fmedia&parent=108389"}],"wp:term":[{"taxonomy":"category","embeddable":true,"href":"https:\/\/archive.sana.sy\/tr\/index.php?rest_route=%2Fwp%2Fv2%2Fcategories&post=108389"},{"taxonomy":"post_tag","embeddable":true,"href":"https:\/\/archive.sana.sy\/tr\/index.php?rest_route=%2Fwp%2Fv2%2Ftags&post=108389"}],"curies":[{"name":"wp","href":"https:\/\/api.w.org\/{rel}","templated":true}]}}