{"id":108421,"date":"2017-03-19T14:10:09","date_gmt":"2017-03-19T12:10:09","guid":{"rendered":"http:\/\/www.sana.sy\/tr\/?p=108421"},"modified":"2017-03-19T15:14:43","modified_gmt":"2017-03-19T13:14:43","slug":"askeri-kaynak-ordu-birliklerimizin-samin-dogusu-cobar-ekseninde-askeri-noktalara-saldiran-tekfirci-teroristlerin-saldirilarini-cokertmeleri-ardindan-saldirganlari-siki-bir-cembere-almayi-bas","status":"publish","type":"post","link":"https:\/\/archive.sana.sy\/tr\/?p=108421","title":{"rendered":"Askeri kaynak; ordu birliklerimizin \u015eam\u2019\u0131n do\u011fusu Cobar ekseninde askeri noktalara sald\u0131ran tekfirci ter\u00f6ristlerin sald\u0131r\u0131lar\u0131n\u0131 \u00e7\u00f6kertmeleri ard\u0131ndan sald\u0131rganlar\u0131 s\u0131k\u0131 bir \u00e7embere almay\u0131 ba\u015fard\u0131klar\u0131n\u0131 belirtirken, \u00e7emberde bulunan ter\u00f6ristleri etkisizle\u015ftirme operasyonlar\u0131n\u0131n devam etti\u011fini kaydetti"},"content":{"rendered":"<p>Askeri kaynak; ordu birliklerimizin \u015eam\u2019\u0131n do\u011fusu Cobar ekseninde askeri noktalara sald\u0131ran tekfirci ter\u00f6ristlerin sald\u0131r\u0131lar\u0131n\u0131 \u00e7\u00f6kertmeleri ard\u0131ndan sald\u0131rganlar\u0131 s\u0131k\u0131 bir \u00e7embere almay\u0131 ba\u015fard\u0131klar\u0131n\u0131 belirtirken, \u00e7emberde bulunan ter\u00f6ristleri etkisizle\u015ftirme operasyonlar\u0131n\u0131n devam etti\u011fini kaydetti<\/p>\n","protected":false},"excerpt":{"rendered":"<p>Askeri kaynak; ordu birliklerimizin \u015eam\u2019\u0131n do\u011fusu Cobar ekseninde askeri noktalara sald\u0131ran tekfirci ter\u00f6ristlerin sald\u0131r\u0131lar\u0131n\u0131 \u00e7\u00f6kertmeleri ard\u0131ndan sald\u0131rganlar\u0131 s\u0131k\u0131 bir \u00e7embere almay\u0131 ba\u015fard\u0131klar\u0131n\u0131 belirtirken, \u00e7emberde bulunan ter\u00f6ristleri etkisizle\u015ftirme operasyonlar\u0131n\u0131n devam etti\u011fini kaydetti<\/p>\n","protected":false},"author":1,"featured_media":0,"comment_status":"closed","ping_status":"closed","sticky":false,"template":"","format":"standard","meta":{"footnotes":""},"categories":[17991],"tags":[],"class_list":["post-108421","post","type-post","status-publish","format-standard","","category-son-dakika"],"_links":{"self":[{"href":"https:\/\/archive.sana.sy\/tr\/index.php?rest_route=\/wp\/v2\/posts\/108421","targetHints":{"allow":["GET"]}}],"collection":[{"href":"https:\/\/archive.sana.sy\/tr\/index.php?rest_route=\/wp\/v2\/posts"}],"about":[{"href":"https:\/\/archive.sana.sy\/tr\/index.php?rest_route=\/wp\/v2\/types\/post"}],"author":[{"embeddable":true,"href":"https:\/\/archive.sana.sy\/tr\/index.php?rest_route=\/wp\/v2\/users\/1"}],"replies":[{"embeddable":true,"href":"https:\/\/archive.sana.sy\/tr\/index.php?rest_route=%2Fwp%2Fv2%2Fcomments&post=108421"}],"version-history":[{"count":0,"href":"https:\/\/archive.sana.sy\/tr\/index.php?rest_route=\/wp\/v2\/posts\/108421\/revisions"}],"wp:attachment":[{"href":"https:\/\/archive.sana.sy\/tr\/index.php?rest_route=%2Fwp%2Fv2%2Fmedia&parent=108421"}],"wp:term":[{"taxonomy":"category","embeddable":true,"href":"https:\/\/archive.sana.sy\/tr\/index.php?rest_route=%2Fwp%2Fv2%2Fcategories&post=108421"},{"taxonomy":"post_tag","embeddable":true,"href":"https:\/\/archive.sana.sy\/tr\/index.php?rest_route=%2Fwp%2Fv2%2Ftags&post=108421"}],"curies":[{"name":"wp","href":"https:\/\/api.w.org\/{rel}","templated":true}]}}