{"id":108424,"date":"2017-03-19T15:32:55","date_gmt":"2017-03-19T13:32:55","guid":{"rendered":"http:\/\/www.sana.sy\/tr\/?p=108424"},"modified":"2017-03-20T10:26:54","modified_gmt":"2017-03-20T08:26:54","slug":"fuar-hazirliklari-konusunda-basin-konferansi-duzenlendi","status":"publish","type":"post","link":"https:\/\/archive.sana.sy\/tr\/?p=108424","title":{"rendered":"Fuar Haz\u0131rl\u0131klar\u0131 Konusunda Bas\u0131n Konferans\u0131 D\u00fczenlendi (video)"},"content":{"rendered":"<p>\u015eAM \u2013 Ekonomi ve D\u0131\u015f Ticaret Bakanl\u0131\u011f\u0131 bug\u00fcn, 16-22 A\u011fustos tarihleri aras\u0131nda d\u00fczenlenecek 59. Uluslararas\u0131 \u015eam Fuar\u0131 i\u00e7in \u015fu ana dek yap\u0131lan haz\u0131rl\u0131klara ili\u015fkin bir bas\u0131n konferans\u0131 d\u00fczenledi.<br \/>\nUluslararas\u0131 Fuar ve Konferanslar Kamu \u015eirketinin i\u015fbirli\u011fi ile d\u00fczenlenen konferansa \u00e7ok say\u0131da \u015firket temsilcisinin yan\u0131 s\u0131ra b\u00fcy\u00fckel\u00e7iler ve diplomatik heyet temsilcileri kat\u0131ld\u0131.<\/p>\n<p><a href=\"http:\/\/www.sana.sy\/tr\/wp-content\/uploads\/2017\/03\/D8K0568.jpg\"><img loading=\"lazy\" decoding=\"async\" class=\"alignright wp-image-108428 size-medium\" src=\"http:\/\/www.sana.sy\/tr\/wp-content\/uploads\/2017\/03\/D8K0568-300x200.jpg\" alt=\"\" width=\"300\" height=\"200\" srcset=\"https:\/\/archive.sana.sy\/tr\/wp-content\/uploads\/2017\/03\/D8K0568-300x200.jpg 300w, https:\/\/archive.sana.sy\/tr\/wp-content\/uploads\/2017\/03\/D8K0568-150x100.jpg 150w, https:\/\/archive.sana.sy\/tr\/wp-content\/uploads\/2017\/03\/D8K0568-768x512.jpg 768w, https:\/\/archive.sana.sy\/tr\/wp-content\/uploads\/2017\/03\/D8K0568-1024x683.jpg 1024w\" sizes=\"auto, (max-width: 300px) 100vw, 300px\" \/><\/a>Bas\u0131n Konferans\u0131nda konu\u015fan Enformasyon Bakan\u0131 Muhammed Ramiz Terc\u00fcman; be\u015f y\u0131l s\u00fcren kesintiden sonra d\u00fczenlenecek Uluslararas\u0131 \u015eam Fuar\u0131n\u0131n, sadece ekonomi a\u00e7\u0131dan de\u011fil, sosyal ve k\u00fclt\u00fcrel a\u00e7\u0131dan da b\u00fcy\u00fck bir \u00f6nem ve \u00f6zellik ta\u015f\u0131d\u0131\u011f\u0131na dikkat \u00e7ekti. Bakan Terc\u00fcman, \u015eam k\u0131rsal\u0131n\u0131n Do\u011fu \u011euta B\u00f6lgesi Uluslararas\u0131 \u015eam Havaliman\u0131 yolu \u00fczerinde yer alan Uluslararas\u0131 Fuarlar Kentinde d\u00fczenlenecek fuar\u0131n; Suriyelilerin ya\u015fam \u0131srarlar\u0131yla birlikte vatanlar\u0131n\u0131 yeniden yap\u0131land\u0131rma iradelerini yans\u0131tan \u00f6nemli bir mesaj\u0131 t\u00fcm d\u00fcnyaya verece\u011fini kaydetti.<\/p>\n<p>K\u00fclt\u00fcr Bakan\u0131 Muhammed el Ahmet ise konu\u015fmas\u0131nda; d\u00fczenlenecek fuarda, Suriye&#8217;nin medeniyeti ve asil k\u00fclt\u00fcr sanat\u0131na \u0131\u015f\u0131k tutan muhtelif t\u00fcr sanatsal ve k\u00fclt\u00fcrel faaliyetler kapsayaca\u011f\u0131na dikkat \u00e7ekti.<\/p>\n<div id='gallery-1' class='gallery galleryid-108424 gallery-columns-2 gallery-size-thumbnail'><figure class='gallery-item'>\n\t\t\t<div class='gallery-icon landscape'>\n\t\t\t\t<a href='https:\/\/archive.sana.sy\/tr\/wp-content\/uploads\/2017\/03\/D8K0603.jpg'><img loading=\"lazy\" decoding=\"async\" width=\"150\" height=\"100\" src=\"https:\/\/archive.sana.sy\/tr\/wp-content\/uploads\/2017\/03\/D8K0603-150x100.jpg\" class=\"attachment-thumbnail size-thumbnail\" alt=\"\" srcset=\"https:\/\/archive.sana.sy\/tr\/wp-content\/uploads\/2017\/03\/D8K0603-150x100.jpg 150w, https:\/\/archive.sana.sy\/tr\/wp-content\/uploads\/2017\/03\/D8K0603-300x200.jpg 300w, https:\/\/archive.sana.sy\/tr\/wp-content\/uploads\/2017\/03\/D8K0603-768x512.jpg 768w, https:\/\/archive.sana.sy\/tr\/wp-content\/uploads\/2017\/03\/D8K0603-1024x683.jpg 1024w, https:\/\/archive.sana.sy\/tr\/wp-content\/uploads\/2017\/03\/D8K0603-310x205.jpg 310w\" sizes=\"auto, (max-width: 150px) 100vw, 150px\" \/><\/a>\n\t\t\t<\/div><\/figure><figure class='gallery-item'>\n\t\t\t<div class='gallery-icon landscape'>\n\t\t\t\t<a href='https:\/\/archive.sana.sy\/tr\/wp-content\/uploads\/2017\/03\/D8K0583.jpg'><img loading=\"lazy\" decoding=\"async\" width=\"150\" height=\"100\" src=\"https:\/\/archive.sana.sy\/tr\/wp-content\/uploads\/2017\/03\/D8K0583-150x100.jpg\" class=\"attachment-thumbnail size-thumbnail\" alt=\"\" srcset=\"https:\/\/archive.sana.sy\/tr\/wp-content\/uploads\/2017\/03\/D8K0583-150x100.jpg 150w, https:\/\/archive.sana.sy\/tr\/wp-content\/uploads\/2017\/03\/D8K0583-300x200.jpg 300w, https:\/\/archive.sana.sy\/tr\/wp-content\/uploads\/2017\/03\/D8K0583-768x512.jpg 768w, https:\/\/archive.sana.sy\/tr\/wp-content\/uploads\/2017\/03\/D8K0583-1024x683.jpg 1024w, https:\/\/archive.sana.sy\/tr\/wp-content\/uploads\/2017\/03\/D8K0583-310x205.jpg 310w\" sizes=\"auto, (max-width: 150px) 100vw, 150px\" \/><\/a>\n\t\t\t<\/div><\/figure><figure class='gallery-item'>\n\t\t\t<div class='gallery-icon landscape'>\n\t\t\t\t<a href='https:\/\/archive.sana.sy\/tr\/wp-content\/uploads\/2017\/03\/D8K0587.jpg'><img loading=\"lazy\" decoding=\"async\" width=\"150\" height=\"100\" src=\"https:\/\/archive.sana.sy\/tr\/wp-content\/uploads\/2017\/03\/D8K0587-150x100.jpg\" class=\"attachment-thumbnail size-thumbnail\" alt=\"\" srcset=\"https:\/\/archive.sana.sy\/tr\/wp-content\/uploads\/2017\/03\/D8K0587-150x100.jpg 150w, https:\/\/archive.sana.sy\/tr\/wp-content\/uploads\/2017\/03\/D8K0587-300x200.jpg 300w, https:\/\/archive.sana.sy\/tr\/wp-content\/uploads\/2017\/03\/D8K0587-768x512.jpg 768w, https:\/\/archive.sana.sy\/tr\/wp-content\/uploads\/2017\/03\/D8K0587-1024x683.jpg 1024w, https:\/\/archive.sana.sy\/tr\/wp-content\/uploads\/2017\/03\/D8K0587-310x205.jpg 310w\" sizes=\"auto, (max-width: 150px) 100vw, 150px\" \/><\/a>\n\t\t\t<\/div><\/figure><figure class='gallery-item'>\n\t\t\t<div class='gallery-icon landscape'>\n\t\t\t\t<a href='https:\/\/archive.sana.sy\/tr\/wp-content\/uploads\/2017\/03\/D8K0595.jpg'><img loading=\"lazy\" decoding=\"async\" width=\"150\" height=\"100\" src=\"https:\/\/archive.sana.sy\/tr\/wp-content\/uploads\/2017\/03\/D8K0595-150x100.jpg\" class=\"attachment-thumbnail size-thumbnail\" alt=\"\" srcset=\"https:\/\/archive.sana.sy\/tr\/wp-content\/uploads\/2017\/03\/D8K0595-150x100.jpg 150w, https:\/\/archive.sana.sy\/tr\/wp-content\/uploads\/2017\/03\/D8K0595-300x200.jpg 300w, https:\/\/archive.sana.sy\/tr\/wp-content\/uploads\/2017\/03\/D8K0595-768x512.jpg 768w, https:\/\/archive.sana.sy\/tr\/wp-content\/uploads\/2017\/03\/D8K0595-1024x683.jpg 1024w, https:\/\/archive.sana.sy\/tr\/wp-content\/uploads\/2017\/03\/D8K0595-310x205.jpg 310w\" sizes=\"auto, (max-width: 150px) 100vw, 150px\" \/><\/a>\n\t\t\t<\/div><\/figure>\n\t\t<\/div>\n\n<p>https:\/\/www.youtube.com\/watch?v=A4dlMNhWsJM<\/p>\n","protected":false},"excerpt":{"rendered":"<p>\u015eAM \u2013 Ekonomi ve D\u0131\u015f Ticaret Bakanl\u0131\u011f\u0131 bug\u00fcn, 16-22 A\u011fustos tarihleri aras\u0131nda d\u00fczenlenecek 59. Uluslararas\u0131 \u015eam Fuar\u0131 i\u00e7in \u015fu ana dek yap\u0131lan haz\u0131rl\u0131klara ili\u015fkin bir bas\u0131n konferans\u0131 d\u00fczenledi. Uluslararas\u0131 Fuar ve Konferanslar Kamu \u015eirketinin i\u015fbirli\u011fi ile d\u00fczenlenen konferansa \u00e7ok say\u0131da \u015firket temsilcisinin yan\u0131 s\u0131ra b\u00fcy\u00fckel\u00e7iler ve diplomatik heyet temsilcileri kat\u0131ld\u0131. Bas\u0131n Konferans\u0131nda konu\u015fan Enformasyon Bakan\u0131 &hellip;<\/p>\n","protected":false},"author":1,"featured_media":108427,"comment_status":"closed","ping_status":"closed","sticky":false,"template":"","format":"standard","meta":{"footnotes":""},"categories":[485,486,17988],"tags":[12816,28474],"class_list":["post-108424","post","type-post","status-publish","format-standard","has-post-thumbnail","","category-is-ve-sermaye","category-haberler-is-ve-sermaye","category-son-haberler","tag-ekonomi-ve-dis-ticaret-bakanligi","tag-fuar-hazirliklari-konusunda-basin-konferansi-duzenlendi"],"_links":{"self":[{"href":"https:\/\/archive.sana.sy\/tr\/index.php?rest_route=\/wp\/v2\/posts\/108424","targetHints":{"allow":["GET"]}}],"collection":[{"href":"https:\/\/archive.sana.sy\/tr\/index.php?rest_route=\/wp\/v2\/posts"}],"about":[{"href":"https:\/\/archive.sana.sy\/tr\/index.php?rest_route=\/wp\/v2\/types\/post"}],"author":[{"embeddable":true,"href":"https:\/\/archive.sana.sy\/tr\/index.php?rest_route=\/wp\/v2\/users\/1"}],"replies":[{"embeddable":true,"href":"https:\/\/archive.sana.sy\/tr\/index.php?rest_route=%2Fwp%2Fv2%2Fcomments&post=108424"}],"version-history":[{"count":0,"href":"https:\/\/archive.sana.sy\/tr\/index.php?rest_route=\/wp\/v2\/posts\/108424\/revisions"}],"wp:featuredmedia":[{"embeddable":true,"href":"https:\/\/archive.sana.sy\/tr\/index.php?rest_route=\/wp\/v2\/media\/108427"}],"wp:attachment":[{"href":"https:\/\/archive.sana.sy\/tr\/index.php?rest_route=%2Fwp%2Fv2%2Fmedia&parent=108424"}],"wp:term":[{"taxonomy":"category","embeddable":true,"href":"https:\/\/archive.sana.sy\/tr\/index.php?rest_route=%2Fwp%2Fv2%2Fcategories&post=108424"},{"taxonomy":"post_tag","embeddable":true,"href":"https:\/\/archive.sana.sy\/tr\/index.php?rest_route=%2Fwp%2Fv2%2Ftags&post=108424"}],"curies":[{"name":"wp","href":"https:\/\/api.w.org\/{rel}","templated":true}]}}