{"id":10847,"date":"2014-09-22T23:50:42","date_gmt":"2014-09-22T20:50:42","guid":{"rendered":"http:\/\/www.sana.sy\/tr\/?p=10847"},"modified":"2014-09-23T11:28:40","modified_gmt":"2014-09-23T08:28:40","slug":"bugunku-operasyonlarda-onlarca-terorist-olduruldu","status":"publish","type":"post","link":"https:\/\/archive.sana.sy\/tr\/?p=10847","title":{"rendered":"Bug\u00fcnk\u00fc Operasyonlarda Onlarca Ter\u00f6rist \u00d6ld\u00fcr\u00fcld\u00fc"},"content":{"rendered":"<p>\u0130LLER \u2013 Ordu ve silahl\u0131 kuvvetlerimize tabi birliklerimizin hain ve kiral\u0131k ter\u00f6ristlere y\u00f6nelik askeri operasyonlar\u0131 t\u00fcm h\u0131z\u0131yla s\u00fcr\u00fcyor. Operasyonlarda \u00e7ok say\u0131da ter\u00f6rist silah ve cephaneleriyle birlikte etkisiz hale getirildi.<\/p>\n<p><span style=\"color: #0000ff\">Ordu Adra Beled&#8217;e Girmeye Ba\u015flad\u0131:<\/span><\/p>\n<p>\u015eam \u00c7evre Kent Adra Beled\u2019i ablukaya alan Askeri birliklerimiz, bug\u00fcn bir ka\u00e7 y\u00f6nden e\u015fzamanl\u0131 girme harekat\u0131 ba\u015flatt\u0131. Operasyonda \u00e7ok say\u0131da ter\u00f6rist \u00f6ld\u00fcr\u00fcld\u00fc.<\/p>\n<p>Yine \u015eam K\u0131rsal\u0131nda ordu birliklerimiz Tuybe beldesine yak\u0131n bir ka\u00e7 noktay\u0131 kontrol alt\u0131na al\u0131p \u00e7ok say\u0131da ter\u00f6risti \u00f6l\u00fc ve yaral\u0131 d\u00fc\u015f\u00fcrd\u00fc.<\/p>\n<p><span style=\"color: #0000ff\">Lazkiye K\u0131rsal\u0131nda Cephaneleri ve Ara\u00e7lar\u0131yla Onlarca Ter\u00f6rist \u00d6ld\u00fcr\u00fcld\u00fc<\/span><\/p>\n<p>Askeri kaynak ordu birliklerimizin Lazkiye k\u0131rsal\u0131n\u0131n kuzeyi Hadra, Beyt \u015eruk ve Toros k\u00f6ylerinde ter\u00f6ristlerin k\u00fcmelenme yerleri ve karargahlar\u0131n\u0131 hedef ald\u0131klar\u0131n\u0131 belirtti.<\/p>\n<p>Kaynak operasyonlarda aralar\u0131nda \u2018Ebu Ay\u015fe el Muhacir\u2019in bulundu\u011fu geneli yabanc\u0131lardan olu\u015fan onlarca ter\u00f6ristin \u00f6ld\u00fcr\u00fcld\u00fc\u011f\u00fcn\u00fc, biri slah ve m\u00fchimmatla dolu di\u011feri de grad tipi f\u00fczelerle dolu iki cephane deposunun yan\u0131 s\u0131ra bir\u00e7ok a\u011f\u0131r z\u0131rhl\u0131 arac\u0131n imha edildi\u011fini aktard\u0131.<\/p>\n<p>Lazkiye k\u0131rsal\u0131n\u0131n kuzeyi Utayra ve \u015eahrura b\u00f6lgelerinde ter\u00f6ristlerin k\u00fcmelenme yerlerini hedef alan ordu birliklerimiz \u00e7ok say\u0131da ter\u00f6risti \u00f6l\u00fc yaral\u0131 d\u00fc\u015f\u00fcrerek bir silah depolar\u0131na ilaveten a\u011f\u0131r makineli silahlarla donat\u0131lm\u0131\u015f bir\u00e7ok ara\u00e7lar\u0131n\u0131 da imha etti.<\/p>\n<p><span style=\"color: #0000ff\">Halep ve K\u0131rsal\u0131nda Onlarca Ter\u00f6rist \u00d6ld\u00fcr\u00fcld\u00fc<\/span><\/p>\n<p>Askeri kaynak ordu birliklerimizin Halep k\u0131rsal\u0131n\u0131n Tel R\u0131fat B\u00f6lgesinde ter\u00f6ristlerin k\u00fcmelenme yerlerini hedef ald\u0131klar\u0131n\u0131 aktard\u0131.<\/p>\n<p>Kaynak operasyonlarda aralar\u0131nda yabanc\u0131lar\u0131n bulundu\u011fu onlarca ter\u00f6ristin \u00f6ld\u00fcr\u00fcld\u00fc\u011f\u00fcn\u00fc belirtirken, bir k\u0131sm\u0131 a\u011f\u0131r makineli silahla donat\u0131lm\u0131\u015f bir\u00e7ok ara\u00e7lar\u0131n\u0131n da imha edildi\u011fini ifade etti.<\/p>\n<p><span style=\"color: #0000ff\">\u00a0Kunaytra K\u0131rsal\u0131nda S\u0131zma Giri\u015fimleri \u00c7\u00f6kertildi\u00a0<\/span><\/p>\n<p>Askeri kaynak, ordu birliklerimizin Kunaytra k\u0131rsal\u0131nda ter\u00f6ristlerin El Doha y\u00f6n\u00fcnden Cubba Ba\u011flar\u0131na do\u011fru s\u0131zma giri\u015fimlerini \u00e7\u00f6kerttiklerini \u00e7ok say\u0131da ter\u00f6risti \u00f6l\u00fc ve yaral\u0131 d\u00fc\u015f\u00fcrd\u00fcklerini, ellerinde bulunan bir ka\u00e7 ara\u00e7lar\u0131n\u0131 da imha ettiklerini s\u00f6yledi.<\/p>\n<p>Kaynak, ordu birliklerimizin Kunaytra k\u0131rsal\u0131 Bir el Acem, Cebata Ha\u015fab ve Burayka\u2019da ter\u00f6ristlerin toplanma merkezlerini hedef almalar\u0131 sonucunda \u00e7ok say\u0131da ter\u00f6risti \u00f6ld\u00fcrd\u00fcklerini ellerinde bulunan silah ve cephanelerini de imha ettiklerini belirtti.<\/p>\n<p><span style=\"color: #0000ff\">\u0130dlib K\u0131rsal\u0131nda S\u0131zma Giri\u015fimleri \u00c7\u00f6kertildi Onlarca Ter\u00f6rist \u00d6ld\u00fcr\u00fcld\u00fc<\/span><\/p>\n<p>Askeri kaynak, ordu birliklerimizin \u0130dlib k\u0131rsal\u0131 Tel Selmo K\u00f6y\u00fcnden Abu el Duhur havaalan\u0131na ter\u00f6ristlerin s\u0131zma giri\u015fimlerini \u00e7\u00f6kerttiklerini olayda baz\u0131 ter\u00f6ristlerin \u00f6l\u00fc ve yaral\u0131 d\u00fc\u015f\u00fcr\u00fcld\u00fc\u011f\u00fcn\u00fc s\u00f6yledi.<\/p>\n<p>Kaynak ordu birliklerimizin, Abu el Duhur kenti ve havaalan\u0131 g\u00fcneybat\u0131s\u0131ndaki Taleb K\u00f6y\u00fcnde ter\u00f6ristlerin konvoy halinde kulland\u0131klar\u0131 ara\u00e7lar\u0131 hedef ald\u0131klar\u0131n\u0131 baz\u0131 ter\u00f6ristleri \u00f6l\u00fc ve yaral\u0131 d\u00fc\u015f\u00fcrd\u00fcklerini \u00e7ok say\u0131da ara\u00e7lar\u0131n\u0131 da imha ettiklerini belirtti.<\/p>\n<p>Serce\u2019de ise ordu birliklerimiz, bomba d\u00fczene\u011fi \u00fcretim yeri ile bir f\u00fcze deposunu tamam\u0131yla imha ederken 11 ter\u00f6risti \u00f6ld\u00fcrd\u00fc baz\u0131 ter\u00f6ristleri de yaral\u0131 d\u00fc\u015f\u00fcrd\u00fc.<\/p>\n<p>Ordu birliklerimiz ayr\u0131ca,\u0130dlib k\u0131rsal\u0131 Serakib\u2019de aralar\u0131nda yaral\u0131lar\u0131nda bulundu\u011fu onlarca ter\u00f6risti \u00f6l\u00fc d\u00fc\u015f\u00fcrd\u00fc, ellerinde bulunan bir z\u0131rhl\u0131 ara\u00e7lar\u0131 ile a\u011f\u0131r taramal\u0131 silahla donat\u0131lm\u0131\u015f 2 ara\u00e7lar\u0131n\u0131 da imha etti.<\/p>\n<p>Kaynak, ordu birliklerimizin Serakib, Mantaf ve Ehsem \u2018de ter\u00f6ristlerin toplanma merkezlerini hedef almalar\u0131 sonucunda \u00e7ok say\u0131da ter\u00f6risti \u00f6l\u00fc ve yaral\u0131 d\u00fc\u015f\u00fcrd\u00fcklerini a\u011f\u0131r taramal\u0131 silahla donat\u0131lm\u0131\u015f bir ara\u00e7lar\u0131n\u0131 imha ettiklerini ifade etti<\/p>\n<p>Kaynak ayr\u0131ca, ordu birliklerimizin el Arbain\u2019de ter\u00f6ristlere ait 2 h\u00fccreyi hedef almalar\u0131 sonucunda onlarca ter\u00f6risti \u00f6l\u00fc ve yaral\u0131 d\u00fc\u015f\u00fcrd\u00fcklerini dile getirdi.<\/p>\n<p>Kaynak, ordu birliklerimizin Nahle Beldesi \u00e7evresinde \u00e7ok say\u0131da ter\u00f6risti \u00f6ld\u00fcrd\u00fcklerini, \u00f6len ter\u00f6ristler aras\u0131nda Muhammed Ahmet Safi, Muhammed H\u00fcseyin rahhal, Halit Hac Musa, Abdul Hasan Hatip ve Ahmet Hane\u015fko\u2019nun kimliklerinin belirlendi\u011fini, ter\u00f6ristlerin bir ara\u00e7lar\u0131 ile a\u011f\u0131r taramal\u0131 silahla donan\u0131ml\u0131 bir di\u011fer ara\u00e7lar\u0131n\u0131 da imha ettiklerini ifade etti.<\/p>\n<p>\u0130dlib k\u0131rsal\u0131n\u0131n Serakib Beldesi civar\u0131, Maarzaf, Maardibse ve kefar Necd b\u00f6lgelerinde ter\u00f6ristlerin k\u00fcmelenme yerlerini hedef alan ordu birliklerimiz onlarca ter\u00f6risti \u00f6ld\u00fcr\u00fcrken, a\u011f\u0131r makineli silahlarla donat\u0131lm\u0131\u015f iki ara\u00e7lar\u0131n\u0131 da imha etti.<\/p>\n<p>Askeri kaynak ordu birliklerimizin yine \u0130dlib k\u0131rsal\u0131 el Basil Ormanlar\u0131 b\u00f6lgesinde ter\u00f6r eleba\u015flar\u0131n bulunduklar\u0131 bir karargah\u0131 muhtevalar\u0131yla imha ettiklerini belirtirken, \u00f6ld\u00fcr\u00fclen ter\u00f6ristler aras\u0131nda tan\u0131nm\u0131\u015f az\u0131l\u0131 eleba\u015flar\u0131 ve katillerin bulundu\u011funu aktard\u0131.<\/p>\n<p><span style=\"color: #0000ff\">Haseke K\u0131rsal\u0131nda Karargahlar\u0131 \u0130mha Ediliyor <\/span><\/p>\n<p>Vatan koruyucular\u0131 ordu birliklerimiz Haseke k\u0131rsal\u0131n\u0131n Aliye B\u00f6lgesi ve Abd\u00fclaziz Da\u011f\u0131nda tekfirci ve hain ter\u00f6r \u00e7etelerin karargah ve k\u00fcmelenme yerlerini hedef alarak \u00e7ok aralar\u0131nda ele ba\u015f\u0131 ve yabanc\u0131lar\u0131n bulundu\u011fu \u00e7ok say\u0131da ter\u00f6risti \u00f6l\u00fc yaral\u0131 d\u00fc\u015f\u00fcrd\u00fc.<\/p>\n<p>Deyrezzor\u2019da I\u015e\u0130D\u2019e Ait Onlarca Ara\u00e7 \u0130mha Edildi<\/p>\n<p>Asker kaynak ordu birliklerimizin Deyrezzor Kentinin Sanayi, 24 Bulvar\u0131, M\u00fcteahhitler Sendikas\u0131 civar\u0131 ve \u0130\u015f\u00e7i Toplulu\u011fu B\u00f6lgesinde I\u015e\u0130D tekfircilerin kulland\u0131klar\u0131 onlarca arac\u0131 imha ettiklerini aktar\u0131rken, aralar\u0131nda yabanc\u0131lar\u0131n bulundu\u011fu olduk\u00e7a y\u00fcksek say\u0131da ter\u00f6risti etkisiz hale getirdiklerini belirtti.<\/p>\n<p><span style=\"color: #0000ff\">Homs K\u0131rsal\u0131nda Ter\u00f6ristler \u00d6ld\u00fcr\u00fcld\u00fc Ara\u00e7lar\u0131 \u0130mha Edildi<\/span><\/p>\n<p>Askeri kaynak, ordu birliklerimizin Homs k\u0131rsal\u0131 G\u00fcney Ayn H\u00fcseyin K\u00f6y\u00fcn\u00fcn g\u00fcneyinde ter\u00f6ristlerin toplanma merkezleri, Telbise y\u00f6n\u00fcndeki Deyr Ful K\u00f6y\u00fcnde de ter\u00f6r eleba\u015flar\u0131n\u0131n bulundu\u011fu bir h\u00fccreyi hedef almalar\u0131 sonucunda \u00e7ok say\u0131da ter\u00f6risti \u00f6l\u00fc ve yaral\u0131 d\u00fc\u015f\u00fcrd\u00fcklerini bir ara\u00e7lar\u0131 ile a\u011f\u0131r taramal\u0131 silahla donat\u0131lm\u0131\u015f di\u011fer bir ara\u00e7lar\u0131n\u0131 da imha ettiklerini s\u00f6yledi.<\/p>\n<p>Kaynak, birliklerimizin Tel Abu el Senasil\u2019de ter\u00f6ristlerin toplanma merkezlerini hedef almas\u0131 sonucunda \u00e7ok say\u0131da ter\u00f6risti \u00f6l\u00fc ve yaral\u0131 d\u00fc\u015f\u00fcrd\u00fcklerini, su\u00e7 eylemlerinde kulland\u0131klar\u0131 bir dozeri de imha etiklerini ifade etti.<\/p>\n<p>Askeri kaynak ordu birliklerimizin Homs iline tabi Resten B\u00f6lgesinde ter\u00f6r eleba\u015flar\u0131n bulunduklar\u0131 bir karargah\u0131 i\u00e7indeki t\u00fcm ter\u00f6ristler, cephane ve ara\u00e7larla birlikte tamamen imha ettiklerini belirtti.<\/p>\n<p>Kaynak el \u015eair Da\u011f\u0131 civar\u0131nda da ter\u00f6r \u00e7etelere ait bir ara\u00e7 konvoyunun ta\u015f\u0131d\u0131\u011f\u0131 t\u00fcm ter\u00f6ristler ve cephaneyle birlikte imha edildi\u011fini aktard\u0131.<\/p>\n<p><span style=\"color: #0000ff\">Hama K\u0131rsal\u0131nda Onlarca Ter\u00f6rist \u00d6ld\u00fcr\u00fcld\u00fc<\/span><\/p>\n<p>Askeri kaynak, ordu birliklerimizin Hama k\u0131rsal\u0131 Sayyad ve Zekat\u2019ta onlarca ter\u00f6risti \u00f6l\u00fc ve yaral\u0131 d\u00fc\u015f\u00fcrd\u00fcklerini ellerinde bulunan bir havan topunu da imha ettiklerini belirtti.<\/p>\n<p>Hama k\u0131rsal\u0131n\u0131n kuzeyi el Latamina, Kefar Zeyta ve el Arbain b\u00f6lgelerinde ter\u00f6r eleba\u015flar\u0131n karargahlar\u0131n\u0131 hedef alan ordu birliklerimiz \u00e7ok say\u0131da ter\u00f6risti \u00f6l\u00fc yaral\u0131 d\u00fc\u015f\u00fcrerek silah ve ekipmanlar\u0131n\u0131 da imha etti.<\/p>\n<p><span style=\"color: #0000ff\">Dera K\u0131rsal\u0131nda Ter\u00f6ristlerin Bir S\u0131zma Giri\u015fimleri \u00c7\u00f6kertildi<\/span><\/p>\n<p>Askeri kaynak, ordu birliklerimizin Dera Beled PTT binas\u0131 bat\u0131s\u0131, Um el Durc Su Deposunun \u00e7evresi, el Kerek Semti, Gazeteciler Binas\u0131n\u0131n \u00e7evresi ve Abbasiler Su Deposunun bat\u0131s\u0131nda ter\u00f6ristlerin toplanma merkezlerini hedef almas\u0131 sonucunda \u00e7ok say\u0131da ter\u00f6risti \u00f6l\u00fc ve yaral\u0131 d\u00fc\u015f\u00fcrd\u00fcklerini bir\u00a0ka\u00e7 ara\u00e7lar\u0131n\u0131 da imha ettiklerini s\u00f6yledi.<\/p>\n<p>Kaynak, ordu birliklerimizin ayr\u0131ca, Dera k\u0131rsal\u0131 Deyr el Ades\u2019in giri\u015fi, Gize Beldesi, Anhel, Tel el H\u0131d\u0131r\u2019\u0131n \u00e7evresi, Ataman ve Tafas Aras\u0131 ile Ataman\u2019\u0131n Bat\u0131 Semtinde ter\u00f6ristlerin toplanma merkezleri ve h\u00fccrelerini hedef almas\u0131 sonucunda \u00e7ok say\u0131da ter\u00f6risti \u00f6l\u00fc ve yaral\u0131 d\u00fc\u015f\u00fcrd\u00fcklerini ellerinde bulunan bir dozerlerini de imha ettiklerini ifade etti.<\/p>\n<p>Ordu birliklerimiz ayr\u0131ca, Dera k\u0131rsal\u0131nda ter\u00f6ristlerin Ataman Beldesine do\u011fru s\u0131zma giri\u015fimlerini \u00e7\u00f6kertti, olayda baz\u0131 ter\u00f6ristler \u00f6l\u00fc ve yaral\u0131 d\u00fc\u015f\u00fcr\u00fcld\u00fc.<\/p>\n<p>Dera k\u0131rsal\u0131n\u0131n Akraba K\u00f6y\u00fcnde ter\u00f6ristlere ait bir\u00e7ok arac\u0131 ta\u015f\u0131d\u0131\u011f\u0131 silah ve ter\u00f6ristlerle birlikte imha eden ordu birliklerimiz, Hurbat \u011eazale K\u00f6pr\u00fcs\u00fcn\u00fcn g\u00fcneyinde 7 ter\u00f6risti \u00f6ld\u00fcr\u00fcp bir\u00e7ok ter\u00f6risti de yaral\u0131 d\u00fc\u015f\u00fcrd\u00fc.<\/p>\n<p>&nbsp;<\/p>\n","protected":false},"excerpt":{"rendered":"<p>\u0130LLER \u2013 Ordu ve silahl\u0131 kuvvetlerimize tabi birliklerimizin hain ve kiral\u0131k ter\u00f6ristlere y\u00f6nelik askeri operasyonlar\u0131 t\u00fcm h\u0131z\u0131yla s\u00fcr\u00fcyor. Operasyonlarda \u00e7ok say\u0131da ter\u00f6rist silah ve cephaneleriyle birlikte etkisiz hale getirildi. Ordu Adra Beled&#8217;e Girmeye Ba\u015flad\u0131: \u015eam \u00c7evre Kent Adra Beled\u2019i ablukaya alan Askeri birliklerimiz, bug\u00fcn bir ka\u00e7 y\u00f6nden e\u015fzamanl\u0131 girme harekat\u0131 ba\u015flatt\u0131. Operasyonda \u00e7ok say\u0131da ter\u00f6rist &hellip;<\/p>\n","protected":false},"author":1,"featured_media":10848,"comment_status":"closed","ping_status":"closed","sticky":false,"template":"","format":"standard","meta":{"footnotes":""},"categories":[575],"tags":[2573,2396,2575,2574,2576],"class_list":["post-10847","post","type-post","status-publish","format-standard","has-post-thumbnail","","category-olaylar-ve-gercekler","tag-bugunku","tag-olduruldu","tag-onlarca","tag-operasyonlarda","tag-terorist"],"_links":{"self":[{"href":"https:\/\/archive.sana.sy\/tr\/index.php?rest_route=\/wp\/v2\/posts\/10847","targetHints":{"allow":["GET"]}}],"collection":[{"href":"https:\/\/archive.sana.sy\/tr\/index.php?rest_route=\/wp\/v2\/posts"}],"about":[{"href":"https:\/\/archive.sana.sy\/tr\/index.php?rest_route=\/wp\/v2\/types\/post"}],"author":[{"embeddable":true,"href":"https:\/\/archive.sana.sy\/tr\/index.php?rest_route=\/wp\/v2\/users\/1"}],"replies":[{"embeddable":true,"href":"https:\/\/archive.sana.sy\/tr\/index.php?rest_route=%2Fwp%2Fv2%2Fcomments&post=10847"}],"version-history":[{"count":0,"href":"https:\/\/archive.sana.sy\/tr\/index.php?rest_route=\/wp\/v2\/posts\/10847\/revisions"}],"wp:featuredmedia":[{"embeddable":true,"href":"https:\/\/archive.sana.sy\/tr\/index.php?rest_route=\/wp\/v2\/media\/10848"}],"wp:attachment":[{"href":"https:\/\/archive.sana.sy\/tr\/index.php?rest_route=%2Fwp%2Fv2%2Fmedia&parent=10847"}],"wp:term":[{"taxonomy":"category","embeddable":true,"href":"https:\/\/archive.sana.sy\/tr\/index.php?rest_route=%2Fwp%2Fv2%2Fcategories&post=10847"},{"taxonomy":"post_tag","embeddable":true,"href":"https:\/\/archive.sana.sy\/tr\/index.php?rest_route=%2Fwp%2Fv2%2Ftags&post=10847"}],"curies":[{"name":"wp","href":"https:\/\/api.w.org\/{rel}","templated":true}]}}