{"id":10859,"date":"2014-09-22T13:35:26","date_gmt":"2014-09-22T10:35:26","guid":{"rendered":"http:\/\/www.sana.sy\/tr\/?p=10859"},"modified":"2014-09-22T14:15:01","modified_gmt":"2014-09-22T11:15:01","slug":"teroristler-vatandaslari-fuzelerle-hedef-almaya-devam-ediyor","status":"publish","type":"post","link":"https:\/\/archive.sana.sy\/tr\/?p=10859","title":{"rendered":"Ter\u00f6ristler Vatanda\u015flar\u0131 F\u00fczelerle Hedef Almaya Devam Ediyor.. Bilan\u00e7o 22 Yaral\u0131"},"content":{"rendered":"<p>HAMA \u2013 Hama kuzey k\u0131rsal\u0131 Maharde kentinde ter\u00f6ristlerin f\u0131rlatt\u0131\u011f\u0131 roketli f\u00fcze sonucunda baz\u0131lar\u0131 a\u011f\u0131r olmak \u00fczere 22 vatanda\u015f yaraland\u0131.<\/p>\n<p>\u0130l Emniyet M\u00fcd\u00fcrl\u00fc\u011f\u00fcnde bir kaynak SANA muhabirine a\u00e7\u0131klamas\u0131nda, ter\u00f6ristlerin f\u0131rlatt\u0131\u011f\u0131 5 roketli f\u00fczenin sivil yerle\u015fim alanlar\u0131na bir di\u011ferinin ise bir halk pazar\u0131n\u0131n \u00fczerine d\u00fc\u015fmesi sonucunda baz\u0131lar\u0131 a\u011f\u0131r olmak \u00fczere 22 vatanda\u015f\u0131n yaraland\u0131\u011f\u0131n\u0131, yaral\u0131lar\u0131n tedavi edilmek \u00fczere el Mahabbe hastanesine kald\u0131r\u0131ld\u0131klar\u0131n\u0131, \u00f6te yandan roketli f\u00fczelerin vatanda\u015flar\u0131n ev ve m\u00fclklerinde de maddi zararlara yol a\u00e7t\u0131\u011f\u0131n\u0131 ifade etti.<\/p>\n<p>Hat\u0131rlanaca\u011f\u0131 \u00fczere bu ay\u0131n 17\u2019sinde ter\u00f6ristlerin Maharde\u2019ye f\u0131rlatt\u0131\u011f\u0131 roketli f\u00fczeler sonucunda bir bayan 2 vatanda\u015f \u015fehit d\u00fc\u015fm\u00fc\u015f bir di\u011fer vatanda\u015f\u0131m\u0131z da yaralanm\u0131\u015ft\u0131.<\/p>\n","protected":false},"excerpt":{"rendered":"<p>HAMA \u2013 Hama kuzey k\u0131rsal\u0131 Maharde kentinde ter\u00f6ristlerin f\u0131rlatt\u0131\u011f\u0131 roketli f\u00fcze sonucunda baz\u0131lar\u0131 a\u011f\u0131r olmak \u00fczere 22 vatanda\u015f yaraland\u0131. \u0130l Emniyet M\u00fcd\u00fcrl\u00fc\u011f\u00fcnde bir kaynak SANA muhabirine a\u00e7\u0131klamas\u0131nda, ter\u00f6ristlerin f\u0131rlatt\u0131\u011f\u0131 5 roketli f\u00fczenin sivil yerle\u015fim alanlar\u0131na bir di\u011ferinin ise bir halk pazar\u0131n\u0131n \u00fczerine d\u00fc\u015fmesi sonucunda baz\u0131lar\u0131 a\u011f\u0131r olmak \u00fczere 22 vatanda\u015f\u0131n yaraland\u0131\u011f\u0131n\u0131, yaral\u0131lar\u0131n tedavi edilmek \u00fczere &hellip;<\/p>\n","protected":false},"author":1,"featured_media":10644,"comment_status":"closed","ping_status":"closed","sticky":false,"template":"","format":"standard","meta":{"footnotes":""},"categories":[479,575,478],"tags":[2583],"class_list":["post-10859","post","type-post","status-publish","format-standard","has-post-thumbnail","","category-haberler-yerel","category-olaylar-ve-gercekler","category-yerel","tag-teroristler-vatandaslari-fuzelerle-hedef-almaya-devam-ediyor-bilanco-22-yarali"],"_links":{"self":[{"href":"https:\/\/archive.sana.sy\/tr\/index.php?rest_route=\/wp\/v2\/posts\/10859","targetHints":{"allow":["GET"]}}],"collection":[{"href":"https:\/\/archive.sana.sy\/tr\/index.php?rest_route=\/wp\/v2\/posts"}],"about":[{"href":"https:\/\/archive.sana.sy\/tr\/index.php?rest_route=\/wp\/v2\/types\/post"}],"author":[{"embeddable":true,"href":"https:\/\/archive.sana.sy\/tr\/index.php?rest_route=\/wp\/v2\/users\/1"}],"replies":[{"embeddable":true,"href":"https:\/\/archive.sana.sy\/tr\/index.php?rest_route=%2Fwp%2Fv2%2Fcomments&post=10859"}],"version-history":[{"count":0,"href":"https:\/\/archive.sana.sy\/tr\/index.php?rest_route=\/wp\/v2\/posts\/10859\/revisions"}],"wp:featuredmedia":[{"embeddable":true,"href":"https:\/\/archive.sana.sy\/tr\/index.php?rest_route=\/wp\/v2\/media\/10644"}],"wp:attachment":[{"href":"https:\/\/archive.sana.sy\/tr\/index.php?rest_route=%2Fwp%2Fv2%2Fmedia&parent=10859"}],"wp:term":[{"taxonomy":"category","embeddable":true,"href":"https:\/\/archive.sana.sy\/tr\/index.php?rest_route=%2Fwp%2Fv2%2Fcategories&post=10859"},{"taxonomy":"post_tag","embeddable":true,"href":"https:\/\/archive.sana.sy\/tr\/index.php?rest_route=%2Fwp%2Fv2%2Ftags&post=10859"}],"curies":[{"name":"wp","href":"https:\/\/api.w.org\/{rel}","templated":true}]}}