{"id":10878,"date":"2014-09-22T15:11:45","date_gmt":"2014-09-22T12:11:45","guid":{"rendered":"http:\/\/www.sana.sy\/tr\/?p=10878"},"modified":"2014-09-22T15:11:45","modified_gmt":"2014-09-22T12:11:45","slug":"lazkiye-sahilinde-4-siddetinde-deprem","status":"publish","type":"post","link":"https:\/\/archive.sana.sy\/tr\/?p=10878","title":{"rendered":"Lazkiye Sahilinde 4 \u015eiddetinde Deprem"},"content":{"rendered":"<p>LAZK\u0130YE \u2013 Lazkiye Kentinin g\u00fcneybat\u0131s\u0131na d\u00fc\u015fen Suriye sahili bug\u00fcn 4 \u015fiddetinde bir depreme tan\u0131k oldu.<\/p>\n<p>Ulusal Deprem Merkezi bug\u00fcn yay\u0131nlad\u0131\u011f\u0131 ve SANA\u2019n\u0131n bir n\u00fcshas\u0131n\u0131 ald\u0131\u011f\u0131 raporda; depremin 26 \u2013 35 kuzey enlem, 62 \u2013 35 do\u011fu boylam hatt\u0131nda 5 km derinli\u011finde meydana geldi\u011fini a\u00e7\u0131klad\u0131. Merkez sabah saat 10:25 sular\u0131nda meydana gelen deprem \u015fiddetinin 4.0 \u015fiddetinde oldu\u011funu ifade etti.<\/p>\n<p>Merkez M\u00fcd\u00fcr\u00fc Muhammed Davut SANA\u2019ya a\u00e7\u0131klamas\u0131nda deprem fay hatt\u0131n\u0131n K\u0131br\u0131s\u2019\u0131n g\u00fcneyinden T\u00fcrkiye&#8217;deki Toros da\u011flar\u0131na kadar uzand\u0131\u011f\u0131n\u0131 ve Do\u011fu Anadolu fay hatt\u0131 olarak bilindi\u011fini s\u00f6yledi.<\/p>\n","protected":false},"excerpt":{"rendered":"<p>LAZK\u0130YE \u2013 Lazkiye Kentinin g\u00fcneybat\u0131s\u0131na d\u00fc\u015fen Suriye sahili bug\u00fcn 4 \u015fiddetinde bir depreme tan\u0131k oldu. Ulusal Deprem Merkezi bug\u00fcn yay\u0131nlad\u0131\u011f\u0131 ve SANA\u2019n\u0131n bir n\u00fcshas\u0131n\u0131 ald\u0131\u011f\u0131 raporda; depremin 26 \u2013 35 kuzey enlem, 62 \u2013 35 do\u011fu boylam hatt\u0131nda 5 km derinli\u011finde meydana geldi\u011fini a\u00e7\u0131klad\u0131. Merkez sabah saat 10:25 sular\u0131nda meydana gelen deprem \u015fiddetinin 4.0 \u015fiddetinde &hellip;<\/p>\n","protected":false},"author":1,"featured_media":10879,"comment_status":"closed","ping_status":"closed","sticky":false,"template":"","format":"standard","meta":{"footnotes":""},"categories":[479,478],"tags":[2586],"class_list":["post-10878","post","type-post","status-publish","format-standard","has-post-thumbnail","","category-haberler-yerel","category-yerel","tag-lazkiye-sahilinde-4-siddetinde-deprem"],"_links":{"self":[{"href":"https:\/\/archive.sana.sy\/tr\/index.php?rest_route=\/wp\/v2\/posts\/10878","targetHints":{"allow":["GET"]}}],"collection":[{"href":"https:\/\/archive.sana.sy\/tr\/index.php?rest_route=\/wp\/v2\/posts"}],"about":[{"href":"https:\/\/archive.sana.sy\/tr\/index.php?rest_route=\/wp\/v2\/types\/post"}],"author":[{"embeddable":true,"href":"https:\/\/archive.sana.sy\/tr\/index.php?rest_route=\/wp\/v2\/users\/1"}],"replies":[{"embeddable":true,"href":"https:\/\/archive.sana.sy\/tr\/index.php?rest_route=%2Fwp%2Fv2%2Fcomments&post=10878"}],"version-history":[{"count":0,"href":"https:\/\/archive.sana.sy\/tr\/index.php?rest_route=\/wp\/v2\/posts\/10878\/revisions"}],"wp:featuredmedia":[{"embeddable":true,"href":"https:\/\/archive.sana.sy\/tr\/index.php?rest_route=\/wp\/v2\/media\/10879"}],"wp:attachment":[{"href":"https:\/\/archive.sana.sy\/tr\/index.php?rest_route=%2Fwp%2Fv2%2Fmedia&parent=10878"}],"wp:term":[{"taxonomy":"category","embeddable":true,"href":"https:\/\/archive.sana.sy\/tr\/index.php?rest_route=%2Fwp%2Fv2%2Fcategories&post=10878"},{"taxonomy":"post_tag","embeddable":true,"href":"https:\/\/archive.sana.sy\/tr\/index.php?rest_route=%2Fwp%2Fv2%2Ftags&post=10878"}],"curies":[{"name":"wp","href":"https:\/\/api.w.org\/{rel}","templated":true}]}}