{"id":10881,"date":"2014-09-22T15:28:49","date_gmt":"2014-09-22T12:28:49","guid":{"rendered":"http:\/\/www.sana.sy\/tr\/?p=10881"},"modified":"2014-09-22T15:29:05","modified_gmt":"2014-09-22T12:29:05","slug":"putin-rusyanin-ortaklariyla-iside-karsi-isbirligini-masaya-yatirdi","status":"publish","type":"post","link":"https:\/\/archive.sana.sy\/tr\/?p=10881","title":{"rendered":"Putin, Rusya&#8217;n\u0131n Ortaklar\u0131yla I\u015e\u0130D\u2019e Kar\u015f\u0131 \u0130\u015fbirli\u011fini Masaya Yat\u0131rd\u0131"},"content":{"rendered":"<p>MOSKOVA \u2013 Rusya Federasyonu Ba\u015fkan\u0131 Vladimir Putin Rusya Milli G\u00fcvenlik Konseyi \u00fcyeleri ile I\u015e\u0130D ter\u00f6r \u00f6rg\u00fct\u00fcne kar\u015f\u0131 sava\u015fta Rusya&#8217;n\u0131n ortaklar\u0131yla i\u015fbirli\u011fi yollar\u0131n\u0131 masaya yat\u0131rd\u0131.<\/p>\n<p>RT web sitesinin aktard\u0131\u011f\u0131 a\u00e7\u0131klamalar\u0131nda Rusya Ba\u015fkanl\u0131k Saray\u0131 Kremlinin resmi s\u00f6zc\u00fcs\u00fc Dmitry Peskov s\u00f6z konusu oturum ard\u0131ndan yapt\u0131\u011f\u0131 a\u00e7\u0131klamada; uluslar aras\u0131 kararlar \u00e7er\u00e7evesinde I\u015e\u0130D\u2019e kar\u015f\u0131 m\u00fccadelede Rusya&#8217;n\u0131n ortaklar\u0131yla i\u015fbirli\u011finde muhtemel sorunlar hakk\u0131nda g\u00f6r\u00fc\u015f al\u0131\u015fveri\u015finde bulunduklar\u0131n\u0131 belirtti.<\/p>\n<p>Kremlin s\u00f6zc\u00fcs\u00fc toplant\u0131da ayn\u0131 zamanda Ukrayna\u2019n\u0131n g\u00fcneydo\u011fusunda \u00e7\u00f6z\u00fcm plan\u0131n\u0131n yan\u0131 s\u0131ra Ebola vir\u00fcs\u00fcyle m\u00fccadele yollar\u0131n\u0131 da masaya yat\u0131rd\u0131klar\u0131n\u0131 s\u00f6yledi.<\/p>\n","protected":false},"excerpt":{"rendered":"<p>MOSKOVA \u2013 Rusya Federasyonu Ba\u015fkan\u0131 Vladimir Putin Rusya Milli G\u00fcvenlik Konseyi \u00fcyeleri ile I\u015e\u0130D ter\u00f6r \u00f6rg\u00fct\u00fcne kar\u015f\u0131 sava\u015fta Rusya&#8217;n\u0131n ortaklar\u0131yla i\u015fbirli\u011fi yollar\u0131n\u0131 masaya yat\u0131rd\u0131. RT web sitesinin aktard\u0131\u011f\u0131 a\u00e7\u0131klamalar\u0131nda Rusya Ba\u015fkanl\u0131k Saray\u0131 Kremlinin resmi s\u00f6zc\u00fcs\u00fc Dmitry Peskov s\u00f6z konusu oturum ard\u0131ndan yapt\u0131\u011f\u0131 a\u00e7\u0131klamada; uluslar aras\u0131 kararlar \u00e7er\u00e7evesinde I\u015e\u0130D\u2019e kar\u015f\u0131 m\u00fccadelede Rusya&#8217;n\u0131n ortaklar\u0131yla i\u015fbirli\u011finde muhtemel sorunlar &hellip;<\/p>\n","protected":false},"author":1,"featured_media":10883,"comment_status":"closed","ping_status":"closed","sticky":false,"template":"","format":"standard","meta":{"footnotes":""},"categories":[458,459,447],"tags":[2587,2588],"class_list":["post-10881","post","type-post","status-publish","format-standard","has-post-thumbnail","","category-dunya1","category-haberler-arap-uluslararasi-politika","category-politika","tag-putin","tag-rusyanin-ortaklariyla-iside-karsi-isbirligini-masaya-yatirdi"],"_links":{"self":[{"href":"https:\/\/archive.sana.sy\/tr\/index.php?rest_route=\/wp\/v2\/posts\/10881","targetHints":{"allow":["GET"]}}],"collection":[{"href":"https:\/\/archive.sana.sy\/tr\/index.php?rest_route=\/wp\/v2\/posts"}],"about":[{"href":"https:\/\/archive.sana.sy\/tr\/index.php?rest_route=\/wp\/v2\/types\/post"}],"author":[{"embeddable":true,"href":"https:\/\/archive.sana.sy\/tr\/index.php?rest_route=\/wp\/v2\/users\/1"}],"replies":[{"embeddable":true,"href":"https:\/\/archive.sana.sy\/tr\/index.php?rest_route=%2Fwp%2Fv2%2Fcomments&post=10881"}],"version-history":[{"count":0,"href":"https:\/\/archive.sana.sy\/tr\/index.php?rest_route=\/wp\/v2\/posts\/10881\/revisions"}],"wp:featuredmedia":[{"embeddable":true,"href":"https:\/\/archive.sana.sy\/tr\/index.php?rest_route=\/wp\/v2\/media\/10883"}],"wp:attachment":[{"href":"https:\/\/archive.sana.sy\/tr\/index.php?rest_route=%2Fwp%2Fv2%2Fmedia&parent=10881"}],"wp:term":[{"taxonomy":"category","embeddable":true,"href":"https:\/\/archive.sana.sy\/tr\/index.php?rest_route=%2Fwp%2Fv2%2Fcategories&post=10881"},{"taxonomy":"post_tag","embeddable":true,"href":"https:\/\/archive.sana.sy\/tr\/index.php?rest_route=%2Fwp%2Fv2%2Ftags&post=10881"}],"curies":[{"name":"wp","href":"https:\/\/api.w.org\/{rel}","templated":true}]}}