{"id":108813,"date":"2017-03-22T12:00:19","date_gmt":"2017-03-22T10:00:19","guid":{"rendered":"http:\/\/www.sana.sy\/tr\/?p=108813"},"modified":"2017-03-24T14:51:49","modified_gmt":"2017-03-24T12:51:49","slug":"saglanan-ilerlemeleri-pekistirmek-gerekiyor","status":"publish","type":"post","link":"https:\/\/archive.sana.sy\/tr\/?p=108813","title":{"rendered":"Sa\u011flanan \u0130lerlemeleri Peki\u015ftirmek Gerekiyor"},"content":{"rendered":"<p>MOSKOVA \u2013 Rusya D\u0131\u015fi\u015fleri Bakan\u0131 Sergey Lavrov; bu ay\u0131n ba\u015flar\u0131nda Cenevre&#8217;de yap\u0131lan Suriyeliler aras\u0131 dolayl\u0131 diyalog g\u00f6r\u00fc\u015fmelerinde sa\u011flanan ba\u015far\u0131lar\u0131 koruma ve peki\u015ftirme gere\u011fini ifade etti.<\/p>\n<p>Moskova&#8217;da bug\u00fcn BM genel sekreterinin Suriye \u00f6zel temsilcisi Staffan de Mistura ile temaslarda bulunan Lavrov; Suriye&#8217;de krizin siyasi \u00e7\u00f6z\u00fcm\u00fc y\u00f6n\u00fcnde gev\u015fek bir ilerleme kaydedildi\u011fini s\u00f6yledi. Lavrov bu ilerlemenin sa\u011flamla\u015ft\u0131r\u0131lmas\u0131 ve peki\u015ftirilmesi gerekti\u011fini s\u00f6yledi.<\/p>\n<p>Cenevre g\u00f6r\u00fc\u015fmelerinde d\u00f6rt paket \u00fczerine sa\u011flanan uzla\u015fman\u0131n peki\u015ftirilmesi \u00f6nemini de belirten Lavrov; bu paketlerden birini temsil eden ter\u00f6rle m\u00fccadeleye vurgu yapt\u0131.<\/p>\n<p>De Mistura ise g\u00f6r\u00fc\u015fmede; Suriye&#8217;deki krizin \u00e7\u00f6z\u00fcm\u00fcn\u00fc ama\u00e7layan siyasi \u00e7abalara deste\u011fin gere\u011fini belirtirken, Moskova ziyaretinin de bu ba\u011flamda oldu\u011funa i\u015faret etti.<\/p>\n","protected":false},"excerpt":{"rendered":"<p>MOSKOVA \u2013 Rusya D\u0131\u015fi\u015fleri Bakan\u0131 Sergey Lavrov; bu ay\u0131n ba\u015flar\u0131nda Cenevre&#8217;de yap\u0131lan Suriyeliler aras\u0131 dolayl\u0131 diyalog g\u00f6r\u00fc\u015fmelerinde sa\u011flanan ba\u015far\u0131lar\u0131 koruma ve peki\u015ftirme gere\u011fini ifade etti. Moskova&#8217;da bug\u00fcn BM genel sekreterinin Suriye \u00f6zel temsilcisi Staffan de Mistura ile temaslarda bulunan Lavrov; Suriye&#8217;de krizin siyasi \u00e7\u00f6z\u00fcm\u00fc y\u00f6n\u00fcnde gev\u015fek bir ilerleme kaydedildi\u011fini s\u00f6yledi. Lavrov bu ilerlemenin sa\u011flamla\u015ft\u0131r\u0131lmas\u0131 ve &hellip;<\/p>\n","protected":false},"author":1,"featured_media":108814,"comment_status":"closed","ping_status":"closed","sticky":false,"template":"","format":"standard","meta":{"footnotes":""},"categories":[458,459,17988],"tags":[28547,28546],"class_list":["post-108813","post","type-post","status-publish","format-standard","has-post-thumbnail","","category-dunya1","category-haberler-arap-uluslararasi-politika","category-son-haberler","tag-moskova-rusya-disisleri-bakani-sergey-lavrov-bu-ayin-baslarinda-cenevrede-yapilan-suriyeliler-arasi-dolayli-diyalog-gorusmelerinde-saglanan-basarilari-koruma-ve-pekistirme-geregini-ifade-e","tag-saglanan-ilerlemeleri-pekistirmek-gerekiyor"],"_links":{"self":[{"href":"https:\/\/archive.sana.sy\/tr\/index.php?rest_route=\/wp\/v2\/posts\/108813","targetHints":{"allow":["GET"]}}],"collection":[{"href":"https:\/\/archive.sana.sy\/tr\/index.php?rest_route=\/wp\/v2\/posts"}],"about":[{"href":"https:\/\/archive.sana.sy\/tr\/index.php?rest_route=\/wp\/v2\/types\/post"}],"author":[{"embeddable":true,"href":"https:\/\/archive.sana.sy\/tr\/index.php?rest_route=\/wp\/v2\/users\/1"}],"replies":[{"embeddable":true,"href":"https:\/\/archive.sana.sy\/tr\/index.php?rest_route=%2Fwp%2Fv2%2Fcomments&post=108813"}],"version-history":[{"count":0,"href":"https:\/\/archive.sana.sy\/tr\/index.php?rest_route=\/wp\/v2\/posts\/108813\/revisions"}],"wp:featuredmedia":[{"embeddable":true,"href":"https:\/\/archive.sana.sy\/tr\/index.php?rest_route=\/wp\/v2\/media\/108814"}],"wp:attachment":[{"href":"https:\/\/archive.sana.sy\/tr\/index.php?rest_route=%2Fwp%2Fv2%2Fmedia&parent=108813"}],"wp:term":[{"taxonomy":"category","embeddable":true,"href":"https:\/\/archive.sana.sy\/tr\/index.php?rest_route=%2Fwp%2Fv2%2Fcategories&post=108813"},{"taxonomy":"post_tag","embeddable":true,"href":"https:\/\/archive.sana.sy\/tr\/index.php?rest_route=%2Fwp%2Fv2%2Ftags&post=108813"}],"curies":[{"name":"wp","href":"https:\/\/api.w.org\/{rel}","templated":true}]}}