{"id":108987,"date":"2017-03-23T14:12:32","date_gmt":"2017-03-23T12:12:32","guid":{"rendered":"http:\/\/www.sana.sy\/tr\/?p=108987"},"modified":"2017-03-24T14:46:30","modified_gmt":"2017-03-24T12:46:30","slug":"gundem-bilimsel-ve-kulturel-iliskiler","status":"publish","type":"post","link":"https:\/\/archive.sana.sy\/tr\/?p=108987","title":{"rendered":"G\u00fcndem Bilimsel ve K\u00fclt\u00fcrel \u0130li\u015fkiler"},"content":{"rendered":"<p>\u015eAM \u2013 Y\u00fcksek \u00d6\u011fretim Bakan\u0131 At\u0131f Neddaf bug\u00fcn \u00c7in\u2019in \u015eam B\u00fcy\u00fckel\u00e7isi Qi Qianjin ile iki \u00fclke aras\u0131nda bilimsel ve k\u00fclt\u00fcrel ili\u015fkileri peki\u015ftirme olanaklar\u0131n\u0131 masaya yat\u0131rd\u0131.<\/p>\n<p>G\u00f6r\u00fc\u015fmede \u00c7in \u00fcniversitelerinde Suriyeli \u00f6\u011frencilere ayr\u0131lan kontenjan\u0131n artt\u0131r\u0131lmas\u0131 \u00f6nemine dikkat \u00e7eken Y\u00fcksek \u00d6\u011fretim Bakan\u0131 Neddaf; ayn\u0131 zamanda Suriye\u2019de Ba\u015far\u0131l\u0131 ve Yarat\u0131c\u0131lar Kamu Kurumundan \u00f6\u011frencilerin \u00c7in \u00fcniversitelerinde \u00f6\u011frenim ve ara\u015ft\u0131rmalar\u0131n\u0131 s\u00fcrd\u00fcrmelerine olanak verme \u00f6nemini vurgulad\u0131.<\/p>\n<p>Bakan Neddaf \u00f6zellikle mevcut ko\u015fullar i\u00e7inde Suriye ve \u00c7in aras\u0131nda muhtelif alanlarda peki\u015fen ili\u015fkileri \u00f6verken, bu ili\u015fkileri k\u00fclt\u00fcrel ve bilimsel alanlarda geli\u015ftirmenin de iki halk aras\u0131ndaki dostluk ili\u015fkilerini peki\u015ftirece\u011fini kaydetti.<\/p>\n<p>\u00c7in B\u00fcy\u00fckel\u00e7isi Qi ise g\u00f6r\u00fc\u015fmede; \u00fclkesinin Suriye ile ili\u015fkilerini muhtelif alanlarda geli\u015ftirme \u00f6zeni kapsam\u0131nda bilimsel ve k\u00fclt\u00fcrel ili\u015fkileri de geli\u015ftirmeye b\u00fcy\u00fck \u00f6nem verdi\u011fini belirtti.<\/p>\n<p>Suriye&#8217;nin ter\u00f6re kar\u015f\u0131 sava\u015f\u0131 ve bu sava\u015fta kaydetti\u011fi ba\u015far\u0131lar\u0131n takdire \u015fayan oldu\u011funu ifade eden \u00c7in B\u00fcy\u00fckel\u00e7isi, \u00fclkesinin Suriye ve halk\u0131na siyasi ve muhtelif t\u00fcr deste\u011fini s\u00fcrd\u00fcrme kararl\u0131l\u0131\u011f\u0131nda oldu\u011funu bir kez daha vurgulad\u0131.<\/p>\n","protected":false},"excerpt":{"rendered":"<p>\u015eAM \u2013 Y\u00fcksek \u00d6\u011fretim Bakan\u0131 At\u0131f Neddaf bug\u00fcn \u00c7in\u2019in \u015eam B\u00fcy\u00fckel\u00e7isi Qi Qianjin ile iki \u00fclke aras\u0131nda bilimsel ve k\u00fclt\u00fcrel ili\u015fkileri peki\u015ftirme olanaklar\u0131n\u0131 masaya yat\u0131rd\u0131. G\u00f6r\u00fc\u015fmede \u00c7in \u00fcniversitelerinde Suriyeli \u00f6\u011frencilere ayr\u0131lan kontenjan\u0131n artt\u0131r\u0131lmas\u0131 \u00f6nemine dikkat \u00e7eken Y\u00fcksek \u00d6\u011fretim Bakan\u0131 Neddaf; ayn\u0131 zamanda Suriye\u2019de Ba\u015far\u0131l\u0131 ve Yarat\u0131c\u0131lar Kamu Kurumundan \u00f6\u011frencilerin \u00c7in \u00fcniversitelerinde \u00f6\u011frenim ve ara\u015ft\u0131rmalar\u0131n\u0131 s\u00fcrd\u00fcrmelerine &hellip;<\/p>\n","protected":false},"author":1,"featured_media":108994,"comment_status":"closed","ping_status":"closed","sticky":false,"template":"","format":"standard","meta":{"footnotes":""},"categories":[479,17988,478],"tags":[26817,28580,28579,28581,23784,26154,26816],"class_list":["post-108987","post","type-post","status-publish","format-standard","has-post-thumbnail","","category-haberler-yerel","category-son-haberler","category-yerel","tag-atif-neddaf","tag-bilimsel-iliskiler","tag-cinin-sam-buyukecisi","tag-kulturel-iliskiler","tag-qi-qianjin","tag-suriye-ve-cin","tag-yuksek-ogretim-bakani"],"_links":{"self":[{"href":"https:\/\/archive.sana.sy\/tr\/index.php?rest_route=\/wp\/v2\/posts\/108987","targetHints":{"allow":["GET"]}}],"collection":[{"href":"https:\/\/archive.sana.sy\/tr\/index.php?rest_route=\/wp\/v2\/posts"}],"about":[{"href":"https:\/\/archive.sana.sy\/tr\/index.php?rest_route=\/wp\/v2\/types\/post"}],"author":[{"embeddable":true,"href":"https:\/\/archive.sana.sy\/tr\/index.php?rest_route=\/wp\/v2\/users\/1"}],"replies":[{"embeddable":true,"href":"https:\/\/archive.sana.sy\/tr\/index.php?rest_route=%2Fwp%2Fv2%2Fcomments&post=108987"}],"version-history":[{"count":0,"href":"https:\/\/archive.sana.sy\/tr\/index.php?rest_route=\/wp\/v2\/posts\/108987\/revisions"}],"wp:featuredmedia":[{"embeddable":true,"href":"https:\/\/archive.sana.sy\/tr\/index.php?rest_route=\/wp\/v2\/media\/108994"}],"wp:attachment":[{"href":"https:\/\/archive.sana.sy\/tr\/index.php?rest_route=%2Fwp%2Fv2%2Fmedia&parent=108987"}],"wp:term":[{"taxonomy":"category","embeddable":true,"href":"https:\/\/archive.sana.sy\/tr\/index.php?rest_route=%2Fwp%2Fv2%2Fcategories&post=108987"},{"taxonomy":"post_tag","embeddable":true,"href":"https:\/\/archive.sana.sy\/tr\/index.php?rest_route=%2Fwp%2Fv2%2Ftags&post=108987"}],"curies":[{"name":"wp","href":"https:\/\/api.w.org\/{rel}","templated":true}]}}