{"id":10907,"date":"2014-09-22T16:56:22","date_gmt":"2014-09-22T13:56:22","guid":{"rendered":"http:\/\/www.sana.sy\/tr\/?p=10907"},"modified":"2014-09-22T17:04:18","modified_gmt":"2014-09-22T14:04:18","slug":"tunusta-suriyede-nikah-cihadi-yapmak-uzere-kiz-orgutleyen-sebekeler-cokertildi","status":"publish","type":"post","link":"https:\/\/archive.sana.sy\/tr\/?p=10907","title":{"rendered":"Tunus\u2019ta Suriye\u2019de \u201cCihat Nikah\u0131\u201d Yapmak \u00dczere K\u0131z \u00d6rg\u00fctleyen \u015eebekeler \u00c7\u00f6kertildi"},"content":{"rendered":"<p>TUNUS \u2013 Tunuslu el \u015euruk Gazetesi, Tunus Emniyet Kurumunun \u201cCihat Nikah\u0131\u201d ad\u0131 alt\u0131nda Suriye\u2019ye gitmesi i\u00e7in Tunuslu gen\u00e7 k\u0131zlar\u0131 \u00f6rg\u00fctleyen ve g\u00f6nderen \u00e7ok say\u0131da \u015febekeyi \u00e7\u00f6kertti\u011fini bildirdi.<\/p>\n<p>Bu olayla ilgilenen baz\u0131 emniyet raporlar\u0131n\u0131n n\u00fcshalar\u0131n\u0131 ele ge\u00e7irdi\u011fini s\u00f6yleyen gazete muhtelif b\u00f6lgelerde bir s\u00fcr\u00fc \u015fah\u0131s\u0131n Suriye\u2019de s\u00f6zde \u201ccihat nikah\u0131\u201d yapmas\u0131 i\u00e7in gen\u00e7 k\u0131zlar\u0131 \u00f6rg\u00fctleyip g\u00f6nderdi\u011fi tespit edilip, \u015febekelerinin \u00e7\u00f6kertildi\u011fini belirtti.<\/p>\n<p>\u201cCihat Nikah\u0131\u201d fenomeni\u00a0Tunus\u2019ta son bir y\u0131lda b\u00fcy\u00fck bir tart\u0131\u015fma konusu olmu\u015ftu. El Marzuki h\u00fck\u00fcmeti b\u00f6yle bir fenomenin varl\u0131\u011f\u0131n\u0131 ilk \u00f6nce inkar etmesiyle bu \u015febekelerin varl\u0131\u011f\u0131na \u00e7ok say\u0131da kan\u0131t bulunduktan sonra Tunus \u0130\u00e7i\u015fleri Bakanl\u0131\u011f\u0131 itiraf etmek zorunda kald\u0131.<\/p>\n<p>&nbsp;<\/p>\n","protected":false},"excerpt":{"rendered":"<p>TUNUS \u2013 Tunuslu el \u015euruk Gazetesi, Tunus Emniyet Kurumunun \u201cCihat Nikah\u0131\u201d ad\u0131 alt\u0131nda Suriye\u2019ye gitmesi i\u00e7in Tunuslu gen\u00e7 k\u0131zlar\u0131 \u00f6rg\u00fctleyen ve g\u00f6nderen \u00e7ok say\u0131da \u015febekeyi \u00e7\u00f6kertti\u011fini bildirdi. Bu olayla ilgilenen baz\u0131 emniyet raporlar\u0131n\u0131n n\u00fcshalar\u0131n\u0131 ele ge\u00e7irdi\u011fini s\u00f6yleyen gazete muhtelif b\u00f6lgelerde bir s\u00fcr\u00fc \u015fah\u0131s\u0131n Suriye\u2019de s\u00f6zde \u201ccihat nikah\u0131\u201d yapmas\u0131 i\u00e7in gen\u00e7 k\u0131zlar\u0131 \u00f6rg\u00fctleyip g\u00f6nderdi\u011fi tespit edilip, &hellip;<\/p>\n","protected":false},"author":1,"featured_media":10909,"comment_status":"closed","ping_status":"closed","sticky":false,"template":"","format":"standard","meta":{"footnotes":""},"categories":[458,459,447],"tags":[2600,2599],"class_list":["post-10907","post","type-post","status-publish","format-standard","has-post-thumbnail","","category-dunya1","category-haberler-arap-uluslararasi-politika","category-politika","tag-tunusta-suriyede-cihat-nikahi-yapmak-uzere-kiz-orgutleyen-sebekeler-cokertildi","tag-tunusta-suriyede-nikah-cihadi-yapmak-uzere-kiz-orgutleyen-sebekeler-cokertildi"],"_links":{"self":[{"href":"https:\/\/archive.sana.sy\/tr\/index.php?rest_route=\/wp\/v2\/posts\/10907","targetHints":{"allow":["GET"]}}],"collection":[{"href":"https:\/\/archive.sana.sy\/tr\/index.php?rest_route=\/wp\/v2\/posts"}],"about":[{"href":"https:\/\/archive.sana.sy\/tr\/index.php?rest_route=\/wp\/v2\/types\/post"}],"author":[{"embeddable":true,"href":"https:\/\/archive.sana.sy\/tr\/index.php?rest_route=\/wp\/v2\/users\/1"}],"replies":[{"embeddable":true,"href":"https:\/\/archive.sana.sy\/tr\/index.php?rest_route=%2Fwp%2Fv2%2Fcomments&post=10907"}],"version-history":[{"count":0,"href":"https:\/\/archive.sana.sy\/tr\/index.php?rest_route=\/wp\/v2\/posts\/10907\/revisions"}],"wp:featuredmedia":[{"embeddable":true,"href":"https:\/\/archive.sana.sy\/tr\/index.php?rest_route=\/wp\/v2\/media\/10909"}],"wp:attachment":[{"href":"https:\/\/archive.sana.sy\/tr\/index.php?rest_route=%2Fwp%2Fv2%2Fmedia&parent=10907"}],"wp:term":[{"taxonomy":"category","embeddable":true,"href":"https:\/\/archive.sana.sy\/tr\/index.php?rest_route=%2Fwp%2Fv2%2Fcategories&post=10907"},{"taxonomy":"post_tag","embeddable":true,"href":"https:\/\/archive.sana.sy\/tr\/index.php?rest_route=%2Fwp%2Fv2%2Ftags&post=10907"}],"curies":[{"name":"wp","href":"https:\/\/api.w.org\/{rel}","templated":true}]}}