{"id":10933,"date":"2014-09-22T18:19:31","date_gmt":"2014-09-22T15:19:31","guid":{"rendered":"http:\/\/www.sana.sy\/tr\/?p=10933"},"modified":"2014-09-22T18:19:31","modified_gmt":"2014-09-22T15:19:31","slug":"teroru-destekleyen-ulkelerden-terore-karsi-yardim-istenmez","status":"publish","type":"post","link":"https:\/\/archive.sana.sy\/tr\/?p=10933","title":{"rendered":"Ter\u00f6r\u00fc Destekleyen \u00dclkelerden Ter\u00f6re Kar\u015f\u0131 Yard\u0131m \u0130stenmez"},"content":{"rendered":"<p>BEYRUT \u2013 Eski L\u00fcbnan Cumhurba\u015fkan\u0131 Emil Lahhud ter\u00f6rle m\u00fccadele konusunda ter\u00f6r\u00fc kucaklayan, finanse eden, onun lehine k\u0131\u015fk\u0131rtma yapan, silahland\u0131ran ve \u00fclkelerimize ula\u015fmas\u0131 i\u00e7in g\u00fcvenli yollar a\u00e7an \u00fclkelerden istenemez oldu\u011funu kaydetti.<\/p>\n<p>Lahhud bug\u00fcn yay\u0131nlad\u0131\u011f\u0131 bir bildiride \u201cL\u00fcbnan tekfirci bir ter\u00f6rist sald\u0131r\u0131ya u\u011fruyor. Sald\u0131r\u0131 L\u00fcbnan ordusuna kadar uzan\u0131p \u00fcyelerini ka\u00e7\u0131rd\u0131\u201d dedi.<\/p>\n<p>Eski Ordu Komutan\u0131 olan Lahhud L\u00fcbnan\u2019a Karde\u015fi Suriye\u2019yle koordinasyon ve i\u015fbirli\u011fi yapmay\u0131 yasaklan d\u0131\u015f g\u00fc\u00e7ler oldu\u011funu, buna kar\u015f\u0131n ulusal birli\u011fe, orduya ve Direni\u015fe daha fazla ba\u011flanmak gerekti\u011fini ifade etti.<\/p>\n","protected":false},"excerpt":{"rendered":"<p>BEYRUT \u2013 Eski L\u00fcbnan Cumhurba\u015fkan\u0131 Emil Lahhud ter\u00f6rle m\u00fccadele konusunda ter\u00f6r\u00fc kucaklayan, finanse eden, onun lehine k\u0131\u015fk\u0131rtma yapan, silahland\u0131ran ve \u00fclkelerimize ula\u015fmas\u0131 i\u00e7in g\u00fcvenli yollar a\u00e7an \u00fclkelerden istenemez oldu\u011funu kaydetti. Lahhud bug\u00fcn yay\u0131nlad\u0131\u011f\u0131 bir bildiride \u201cL\u00fcbnan tekfirci bir ter\u00f6rist sald\u0131r\u0131ya u\u011fruyor. Sald\u0131r\u0131 L\u00fcbnan ordusuna kadar uzan\u0131p \u00fcyelerini ka\u00e7\u0131rd\u0131\u201d dedi. Eski Ordu Komutan\u0131 olan Lahhud L\u00fcbnan\u2019a &hellip;<\/p>\n","protected":false},"author":1,"featured_media":10934,"comment_status":"closed","ping_status":"closed","sticky":false,"template":"","format":"standard","meta":{"footnotes":""},"categories":[458,459,584],"tags":[2606],"class_list":["post-10933","post","type-post","status-publish","format-standard","has-post-thumbnail","","category-dunya1","category-haberler-arap-uluslararasi-politika","category-yurtdisinda-sana-ofisleri","tag-teroru-destekleyen-ulkelerden-terore-karsi-yardim-istenmez"],"_links":{"self":[{"href":"https:\/\/archive.sana.sy\/tr\/index.php?rest_route=\/wp\/v2\/posts\/10933","targetHints":{"allow":["GET"]}}],"collection":[{"href":"https:\/\/archive.sana.sy\/tr\/index.php?rest_route=\/wp\/v2\/posts"}],"about":[{"href":"https:\/\/archive.sana.sy\/tr\/index.php?rest_route=\/wp\/v2\/types\/post"}],"author":[{"embeddable":true,"href":"https:\/\/archive.sana.sy\/tr\/index.php?rest_route=\/wp\/v2\/users\/1"}],"replies":[{"embeddable":true,"href":"https:\/\/archive.sana.sy\/tr\/index.php?rest_route=%2Fwp%2Fv2%2Fcomments&post=10933"}],"version-history":[{"count":0,"href":"https:\/\/archive.sana.sy\/tr\/index.php?rest_route=\/wp\/v2\/posts\/10933\/revisions"}],"wp:featuredmedia":[{"embeddable":true,"href":"https:\/\/archive.sana.sy\/tr\/index.php?rest_route=\/wp\/v2\/media\/10934"}],"wp:attachment":[{"href":"https:\/\/archive.sana.sy\/tr\/index.php?rest_route=%2Fwp%2Fv2%2Fmedia&parent=10933"}],"wp:term":[{"taxonomy":"category","embeddable":true,"href":"https:\/\/archive.sana.sy\/tr\/index.php?rest_route=%2Fwp%2Fv2%2Fcategories&post=10933"},{"taxonomy":"post_tag","embeddable":true,"href":"https:\/\/archive.sana.sy\/tr\/index.php?rest_route=%2Fwp%2Fv2%2Ftags&post=10933"}],"curies":[{"name":"wp","href":"https:\/\/api.w.org\/{rel}","templated":true}]}}