{"id":10936,"date":"2014-09-22T18:42:36","date_gmt":"2014-09-22T15:42:36","guid":{"rendered":"http:\/\/www.sana.sy\/tr\/?p=10936"},"modified":"2014-09-22T18:42:36","modified_gmt":"2014-09-22T15:42:36","slug":"abbadi-uluslararasi-toplumdan-iside-karsi-yardim-istedi","status":"publish","type":"post","link":"https:\/\/archive.sana.sy\/tr\/?p=10936","title":{"rendered":"Abbadi Uluslararas\u0131 Toplumdan I\u015e\u0130D\u2019e Kar\u015f\u0131 Yard\u0131m \u0130stedi"},"content":{"rendered":"<p>BA\u011eDAT \u2013 Irak Ba\u015fbakan\u0131 Haydar el Abbadi uluslararas\u0131 toplumu ter\u00f6rist I\u015e\u0130D \u00f6rg\u00fct\u00fcn\u00fcn sald\u0131r\u0131s\u0131na kar\u015f\u0131 Irak\u2019\u0131 destekleyen birle\u015fmi\u015f bir tav\u0131r almaya davet etti.<\/p>\n<p>Avustralya Savunma Bakan\u0131 David Johnston\u2019la toplanan Abbadi, Irak\u2019\u0131n topraklar\u0131 \u00fczerine egemenli\u011fine ve b\u00fct\u00fcnl\u00fc\u011f\u00fcne sayg\u0131 g\u00f6sterme, i\u00e7i\u015flerine m\u00fcdahale etmemeye vurgu yapt\u0131.<\/p>\n<p>Irak\u2019a kara kuvvetler g\u00f6nderilmesine kar\u015f\u0131 tavr\u0131n\u0131 yineleyen Abbadi Irakl\u0131 silahl\u0131 kuvvetlerin d\u00fc\u015fmana kar\u015f\u0131 sava\u015f\u0131 kazanacak g\u00fc\u00e7te oldu\u011funu ifade etti.<\/p>\n<p>Toplant\u0131dan sonra yay\u0131nlanan bir bildiride Irak ve Avustralya aras\u0131nda I\u015e\u0130D \u00e7etelerinin tehlikesine kar\u015f\u0131 emniyet i\u015fbirli\u011finin ele al\u0131nd\u0131\u011f\u0131n\u0131 kaydetti.<\/p>\n","protected":false},"excerpt":{"rendered":"<p>BA\u011eDAT \u2013 Irak Ba\u015fbakan\u0131 Haydar el Abbadi uluslararas\u0131 toplumu ter\u00f6rist I\u015e\u0130D \u00f6rg\u00fct\u00fcn\u00fcn sald\u0131r\u0131s\u0131na kar\u015f\u0131 Irak\u2019\u0131 destekleyen birle\u015fmi\u015f bir tav\u0131r almaya davet etti. Avustralya Savunma Bakan\u0131 David Johnston\u2019la toplanan Abbadi, Irak\u2019\u0131n topraklar\u0131 \u00fczerine egemenli\u011fine ve b\u00fct\u00fcnl\u00fc\u011f\u00fcne sayg\u0131 g\u00f6sterme, i\u00e7i\u015flerine m\u00fcdahale etmemeye vurgu yapt\u0131. Irak\u2019a kara kuvvetler g\u00f6nderilmesine kar\u015f\u0131 tavr\u0131n\u0131 yineleyen Abbadi Irakl\u0131 silahl\u0131 kuvvetlerin d\u00fc\u015fmana kar\u015f\u0131 &hellip;<\/p>\n","protected":false},"author":1,"featured_media":10937,"comment_status":"closed","ping_status":"closed","sticky":false,"template":"","format":"standard","meta":{"footnotes":""},"categories":[458,459],"tags":[2607],"class_list":["post-10936","post","type-post","status-publish","format-standard","has-post-thumbnail","","category-dunya1","category-haberler-arap-uluslararasi-politika","tag-abbadi-uluslararasi-toplumdan-iside-karsi-yardim-istedi"],"_links":{"self":[{"href":"https:\/\/archive.sana.sy\/tr\/index.php?rest_route=\/wp\/v2\/posts\/10936","targetHints":{"allow":["GET"]}}],"collection":[{"href":"https:\/\/archive.sana.sy\/tr\/index.php?rest_route=\/wp\/v2\/posts"}],"about":[{"href":"https:\/\/archive.sana.sy\/tr\/index.php?rest_route=\/wp\/v2\/types\/post"}],"author":[{"embeddable":true,"href":"https:\/\/archive.sana.sy\/tr\/index.php?rest_route=\/wp\/v2\/users\/1"}],"replies":[{"embeddable":true,"href":"https:\/\/archive.sana.sy\/tr\/index.php?rest_route=%2Fwp%2Fv2%2Fcomments&post=10936"}],"version-history":[{"count":0,"href":"https:\/\/archive.sana.sy\/tr\/index.php?rest_route=\/wp\/v2\/posts\/10936\/revisions"}],"wp:featuredmedia":[{"embeddable":true,"href":"https:\/\/archive.sana.sy\/tr\/index.php?rest_route=\/wp\/v2\/media\/10937"}],"wp:attachment":[{"href":"https:\/\/archive.sana.sy\/tr\/index.php?rest_route=%2Fwp%2Fv2%2Fmedia&parent=10936"}],"wp:term":[{"taxonomy":"category","embeddable":true,"href":"https:\/\/archive.sana.sy\/tr\/index.php?rest_route=%2Fwp%2Fv2%2Fcategories&post=10936"},{"taxonomy":"post_tag","embeddable":true,"href":"https:\/\/archive.sana.sy\/tr\/index.php?rest_route=%2Fwp%2Fv2%2Ftags&post=10936"}],"curies":[{"name":"wp","href":"https:\/\/api.w.org\/{rel}","templated":true}]}}