{"id":10953,"date":"2014-09-22T20:23:47","date_gmt":"2014-09-22T17:23:47","guid":{"rendered":"http:\/\/www.sana.sy\/tr\/?p=10953"},"modified":"2014-09-22T20:29:34","modified_gmt":"2014-09-22T17:29:34","slug":"agustosta-lazkiye-limanina-19-bin-konteynir-geldi","status":"publish","type":"post","link":"https:\/\/archive.sana.sy\/tr\/?p=10953","title":{"rendered":"A\u011fustos\u2019ta Lazkiye Liman\u0131na 19 bin Konteyn\u0131r Geldi"},"content":{"rendered":"<p>LAZK\u0130YE \u2013 Lazkiye Uluslararas\u0131 Terminal \u015eirketi ge\u00e7en a\u011fustos ay\u0131 i\u00e7erisinde 31 y\u00fck gemisinden 19347 konteyn\u0131r indirildi\u011fini bildirdi.<\/p>\n<p>\u015eirketin \u0130\u015fletme M\u00fcd\u00fcr\u00fc Mazen Nusayr s\u00f6z konusu konteyn\u0131rlarda en \u00e7ok g\u0131da maddeleri, yerel sanayi i\u00e7in ham madde, yerel pazarlar\u0131n ihtiya\u00e7 etti\u011fi baz\u0131 mallar ve uluslararas\u0131 \u00f6rg\u00fctlerin g\u00f6nderdi\u011fi insani yard\u0131m oldu\u011funu s\u00f6yledi.<\/p>\n<p>Nusayr ge\u00e7ti\u011fimiz ay\u0131n 16\u2019s\u0131na kadar 16 y\u00fck gemisinden 10835 konteyn\u0131r indirildi\u011fini kaydetti.<\/p>\n","protected":false},"excerpt":{"rendered":"<p>LAZK\u0130YE \u2013 Lazkiye Uluslararas\u0131 Terminal \u015eirketi ge\u00e7en a\u011fustos ay\u0131 i\u00e7erisinde 31 y\u00fck gemisinden 19347 konteyn\u0131r indirildi\u011fini bildirdi. \u015eirketin \u0130\u015fletme M\u00fcd\u00fcr\u00fc Mazen Nusayr s\u00f6z konusu konteyn\u0131rlarda en \u00e7ok g\u0131da maddeleri, yerel sanayi i\u00e7in ham madde, yerel pazarlar\u0131n ihtiya\u00e7 etti\u011fi baz\u0131 mallar ve uluslararas\u0131 \u00f6rg\u00fctlerin g\u00f6nderdi\u011fi insani yard\u0131m oldu\u011funu s\u00f6yledi. Nusayr ge\u00e7ti\u011fimiz ay\u0131n 16\u2019s\u0131na kadar 16 y\u00fck &hellip;<\/p>\n","protected":false},"author":1,"featured_media":10954,"comment_status":"closed","ping_status":"closed","sticky":false,"template":"","format":"standard","meta":{"footnotes":""},"categories":[485,486],"tags":[2613],"class_list":["post-10953","post","type-post","status-publish","format-standard","has-post-thumbnail","","category-is-ve-sermaye","category-haberler-is-ve-sermaye","tag-agustosta-lazkiye-limanina-19-bin-konteynir-geldi"],"_links":{"self":[{"href":"https:\/\/archive.sana.sy\/tr\/index.php?rest_route=\/wp\/v2\/posts\/10953","targetHints":{"allow":["GET"]}}],"collection":[{"href":"https:\/\/archive.sana.sy\/tr\/index.php?rest_route=\/wp\/v2\/posts"}],"about":[{"href":"https:\/\/archive.sana.sy\/tr\/index.php?rest_route=\/wp\/v2\/types\/post"}],"author":[{"embeddable":true,"href":"https:\/\/archive.sana.sy\/tr\/index.php?rest_route=\/wp\/v2\/users\/1"}],"replies":[{"embeddable":true,"href":"https:\/\/archive.sana.sy\/tr\/index.php?rest_route=%2Fwp%2Fv2%2Fcomments&post=10953"}],"version-history":[{"count":0,"href":"https:\/\/archive.sana.sy\/tr\/index.php?rest_route=\/wp\/v2\/posts\/10953\/revisions"}],"wp:featuredmedia":[{"embeddable":true,"href":"https:\/\/archive.sana.sy\/tr\/index.php?rest_route=\/wp\/v2\/media\/10954"}],"wp:attachment":[{"href":"https:\/\/archive.sana.sy\/tr\/index.php?rest_route=%2Fwp%2Fv2%2Fmedia&parent=10953"}],"wp:term":[{"taxonomy":"category","embeddable":true,"href":"https:\/\/archive.sana.sy\/tr\/index.php?rest_route=%2Fwp%2Fv2%2Fcategories&post=10953"},{"taxonomy":"post_tag","embeddable":true,"href":"https:\/\/archive.sana.sy\/tr\/index.php?rest_route=%2Fwp%2Fv2%2Ftags&post=10953"}],"curies":[{"name":"wp","href":"https:\/\/api.w.org\/{rel}","templated":true}]}}