{"id":10956,"date":"2014-09-22T20:59:52","date_gmt":"2014-09-22T17:59:52","guid":{"rendered":"http:\/\/www.sana.sy\/tr\/?p=10956"},"modified":"2014-09-22T20:59:52","modified_gmt":"2014-09-22T17:59:52","slug":"israil-isgalci-yontemlerine-devam-ediyor","status":"publish","type":"post","link":"https:\/\/archive.sana.sy\/tr\/?p=10956","title":{"rendered":"\u0130srail \u0130\u015fgalci Y\u00f6ntemlerine Devam Ediyor"},"content":{"rendered":"<p>CENEVRE \u2013 Suriye\u2019nin Cenevre\u2019de Birle\u015fmi\u015f Milletler Daimi Temsilcisi H\u00fcsamettin Alla, \u0130nsan Haklar\u0131 Konseyinin \u0130srail\u2019in uluslararas\u0131 hukuk ve insan haklar\u0131 ihlallerini tart\u0131\u015fmak i\u00e7in yeniden topland\u0131\u011f\u0131n\u0131 kaydetti.<\/p>\n<p>\u0130nsan Haklar\u0131 Konseyi\u2019nin Cenevre\u2019de d\u00fczenlenen 27. oturumunda Suriye Arap Cumhuriyeti\u2019nin bildirisini okuyan El\u00e7i Alla, \u0130srail\u2019in BM, G\u00fcvenlik Konseyi ve \u0130nsan Haklar\u0131 Konseyi\u2019nin Golan i\u015fgalini bitirmek i\u00e7in onca karar\u0131na ra\u011fmen hala uluslararas\u0131 topluma kar\u015f\u0131 gelmeye devam etti\u011fini belirtti.<\/p>\n<p>\u0130srail\u2019in bu y\u00f6ntemlerinin G\u00fcvenlik Konseyinde daimi \u00fcyeli\u011fi olan baz\u0131 \u00fclkelerin sa\u011flad\u0131\u011f\u0131 koruma sayesinde ger\u00e7ekle\u015ftirdi\u011fini kaydeden Alla, \u0130srail\u2019in Filistin halk\u0131n\u0131n ya\u015fama hakk\u0131ndan, \u00f6\u011fretim, sa\u011fl\u0131k, i\u015f, yeme, bar\u0131nma, intikal etme ve ikamet haklar\u0131na kadar b\u00fct\u00fcn haklar\u0131n\u0131 ayaklar alt\u0131na almaya devam etti\u011fini vurgulad\u0131.<\/p>\n<p>\u0130srail\u2019in Golan\u2019\u0131 i\u015fgal etmekle yetinmeyip zenginliklerini gasp etti\u011fini bildiren Alla \u0130srail\u2019in \u015fu an El Kaide\u2019nin Suriye kolu olan \u201cNusra Cephesi\u201d ter\u00f6r \u00f6rg\u00fct\u00fc dahil silahl\u0131 ter\u00f6r \u00f6rg\u00fctlerinin ate\u015fkes b\u00f6lgeye girmesine m\u00fcsaade etti\u011fini, BM Ate\u015fkesi Koruma G\u00fcc\u00fc UNDOF\u2019a sald\u0131rmaya ve askerlerini ka\u00e7\u0131rmaya te\u015fvik etti\u011fini hat\u0131rlatt\u0131.<\/p>\n<p>BM Genel Sekreterinin 12 Eyl\u00fcl tarihli UNDOF raporunun 17. F\u0131kras\u0131nda BM g\u00fc\u00e7lerinin \u0130srail ordusu ile ter\u00f6rist gruplar aras\u0131nda ileti\u015fim tespit etti\u011fini bildirdi\u011fine dikkat \u00e7eken Alla bu tespitlerin \u0130srail\u2019in neden ter\u00f6ristleri destekleyip UNDOF\u2019a sald\u0131rtt\u0131\u011f\u0131n\u0131 a\u00e7\u0131klad\u0131\u011f\u0131n\u0131 s\u00f6yledi.<\/p>\n<p>\u0130srail yan\u0131 s\u0131ra ter\u00f6ristlere destek veren ba\u015fka \u00fclkelerin de oldu\u011funu kaydeden Alla, Katar\u2019\u0131n Nusra ter\u00f6r \u00f6rg\u00fct\u00fcndeki i\u015fbirlik\u00e7ilerini UNDOF askerlerini ka\u00e7\u0131rmaya davet edip daha sonra Katar\u2019\u0131n arabulurcu\u011fuyla serbest b\u0131rak\u0131ld\u0131\u011f\u0131n\u0131n alt\u0131n\u0131 \u00e7izdi.<\/p>\n<p>Alla, \u0130srail\u2019in uluslararas\u0131 hukuka ve insan\u0131n onuruna kar\u015f\u0131 i\u015fledi\u011fi su\u00e7lar\u0131 durdurmak i\u00e7in uluslararas\u0131 toplumun m\u00fcdahale etmesi gerekti\u011fini ifade etti.<\/p>\n","protected":false},"excerpt":{"rendered":"<p>CENEVRE \u2013 Suriye\u2019nin Cenevre\u2019de Birle\u015fmi\u015f Milletler Daimi Temsilcisi H\u00fcsamettin Alla, \u0130nsan Haklar\u0131 Konseyinin \u0130srail\u2019in uluslararas\u0131 hukuk ve insan haklar\u0131 ihlallerini tart\u0131\u015fmak i\u00e7in yeniden topland\u0131\u011f\u0131n\u0131 kaydetti. \u0130nsan Haklar\u0131 Konseyi\u2019nin Cenevre\u2019de d\u00fczenlenen 27. oturumunda Suriye Arap Cumhuriyeti\u2019nin bildirisini okuyan El\u00e7i Alla, \u0130srail\u2019in BM, G\u00fcvenlik Konseyi ve \u0130nsan Haklar\u0131 Konseyi\u2019nin Golan i\u015fgalini bitirmek i\u00e7in onca karar\u0131na ra\u011fmen hala &hellip;<\/p>\n","protected":false},"author":1,"featured_media":10957,"comment_status":"closed","ping_status":"closed","sticky":false,"template":"","format":"standard","meta":{"footnotes":""},"categories":[447],"tags":[2614],"class_list":["post-10956","post","type-post","status-publish","format-standard","has-post-thumbnail","","category-politika","tag-israil-isgalci-yontemlerine-devam-ediyor"],"_links":{"self":[{"href":"https:\/\/archive.sana.sy\/tr\/index.php?rest_route=\/wp\/v2\/posts\/10956","targetHints":{"allow":["GET"]}}],"collection":[{"href":"https:\/\/archive.sana.sy\/tr\/index.php?rest_route=\/wp\/v2\/posts"}],"about":[{"href":"https:\/\/archive.sana.sy\/tr\/index.php?rest_route=\/wp\/v2\/types\/post"}],"author":[{"embeddable":true,"href":"https:\/\/archive.sana.sy\/tr\/index.php?rest_route=\/wp\/v2\/users\/1"}],"replies":[{"embeddable":true,"href":"https:\/\/archive.sana.sy\/tr\/index.php?rest_route=%2Fwp%2Fv2%2Fcomments&post=10956"}],"version-history":[{"count":0,"href":"https:\/\/archive.sana.sy\/tr\/index.php?rest_route=\/wp\/v2\/posts\/10956\/revisions"}],"wp:featuredmedia":[{"embeddable":true,"href":"https:\/\/archive.sana.sy\/tr\/index.php?rest_route=\/wp\/v2\/media\/10957"}],"wp:attachment":[{"href":"https:\/\/archive.sana.sy\/tr\/index.php?rest_route=%2Fwp%2Fv2%2Fmedia&parent=10956"}],"wp:term":[{"taxonomy":"category","embeddable":true,"href":"https:\/\/archive.sana.sy\/tr\/index.php?rest_route=%2Fwp%2Fv2%2Fcategories&post=10956"},{"taxonomy":"post_tag","embeddable":true,"href":"https:\/\/archive.sana.sy\/tr\/index.php?rest_route=%2Fwp%2Fv2%2Ftags&post=10956"}],"curies":[{"name":"wp","href":"https:\/\/api.w.org\/{rel}","templated":true}]}}