{"id":109578,"date":"2017-03-28T20:00:25","date_gmt":"2017-03-28T18:00:25","guid":{"rendered":"http:\/\/www.sana.sy\/tr\/?p=109578"},"modified":"2017-03-29T15:51:55","modified_gmt":"2017-03-29T13:51:55","slug":"suriye-halkinin-iradesi-binlerce-yillik-uygarliklara-dayaniyor","status":"publish","type":"post","link":"https:\/\/archive.sana.sy\/tr\/?p=109578","title":{"rendered":"Suriye Halk\u0131n\u0131n \u0130radesi Binlerce Y\u0131ll\u0131k Uygarl\u0131klara Dayan\u0131yor"},"content":{"rendered":"<p>\u015eAM \u2013 Turizm Bakan\u0131 Bu\u015fr Yaz\u0131c\u0131, Suriye\u2019nin tarihi uygarl\u0131\u011f\u0131 ve insanl\u0131k miras\u0131n\u0131 hedef alan ter\u00f6r sava\u015f\u0131n\u0131n bir insanl\u0131k su\u00e7u oldu\u011funu ifade ederek b\u00fct\u00fcn ter\u00f6r sald\u0131r\u0131lar\u0131na ra\u011fmen ge\u00e7ti\u011fimiz iki y\u0131l i\u00e7erisinde yap\u0131lan turizm yat\u0131r\u0131mlar\u0131 kapsam\u0131nda bir\u00e7ok otelin a\u00e7\u0131ld\u0131\u011f\u0131n\u0131 ve yak\u0131nda da \u00e7ok say\u0131da turizm kurulu\u015funun a\u00e7\u0131l\u0131\u015f\u0131n\u0131 yapaca\u011f\u0131n\u0131 belirtti.<\/p>\n<p><a href=\"http:\/\/www.sana.sy\/tr\/wp-content\/uploads\/2017\/03\/b-2.jpg\"><img loading=\"lazy\" decoding=\"async\" class=\"alignright wp-image-109589 size-medium\" src=\"http:\/\/www.sana.sy\/tr\/wp-content\/uploads\/2017\/03\/b-2-300x200.jpg\" alt=\"\" width=\"300\" height=\"200\" srcset=\"https:\/\/archive.sana.sy\/tr\/wp-content\/uploads\/2017\/03\/b-2-300x200.jpg 300w, https:\/\/archive.sana.sy\/tr\/wp-content\/uploads\/2017\/03\/b-2-150x100.jpg 150w, https:\/\/archive.sana.sy\/tr\/wp-content\/uploads\/2017\/03\/b-2.jpg 660w\" sizes=\"auto, (max-width: 300px) 100vw, 300px\" \/><\/a>Birlik \u0130\u00e7in Arap Halk Cephesi Genel Koordinat\u00f6r\u00fc Ala Ebu Zeyd Ba\u015fkanl\u0131\u011f\u0131ndaki Arap Halk Cephesi Heyeti ile bir araya elen Yaz\u0131c\u0131; ulusal ve milli partilerin Suriye\u2019de ya\u015fanan ger\u00e7ekleri d\u00fcnya kamuoyuna ta\u015f\u0131mada ve dezenformasyon kampanyas\u0131na kar\u015f\u0131 m\u00fccadelede \u00f6nemli bir misyonlar\u0131 bulundu\u011funun alt\u0131n\u0131 \u00e7izdi.<\/p>\n<p>Silahl\u0131 ter\u00f6r sald\u0131r\u0131lar\u0131 sonucu arkeolojik alanlar ve turizm sekt\u00f6r\u00fcn\u00fcn g\u00f6rd\u00fc\u011f\u00fc hasara ili\u015fkin bir anlat\u0131m sunan Yaz\u0131c\u0131; y\u0131llar s\u00fcren ter\u00f6r sald\u0131r\u0131lar\u0131 kar\u015f\u0131s\u0131nda vatan\u0131 can pahas\u0131na savunan Suriye Arap Ordusunun kahramanl\u0131klar\u0131na \u00f6vg\u00fcl\u00fc c\u00fcmlelerle dikkat \u00e7ekti.<\/p>\n<p>Suriye\u2019ye dayat\u0131lan sava\u015f s\u00fcresince Suriye Turizminin; i\u00e7 turizm, dini turizm, i\u015f adamlar\u0131n\u0131n ve gurbet\u00e7ilerin \u00fclkeye d\u00fczenledikleri ziyaretlere dayand\u0131\u011f\u0131n\u0131 ifade eden Yaz\u0131c\u0131; bu s\u00fcre i\u00e7erisinde Suriye\u2019yi ziyaret eden turistlerin Suriye\u2019 ya\u015fanan ger\u00e7eklerin d\u00fcnya kamuoyuna ta\u015f\u0131nmas\u0131na hizmet ettiklerini ekledi.<\/p>\n<p>Suriye devleti ve halk\u0131 ile dayan\u0131\u015fma i\u00e7erisinde olduklar\u0131n dile getiren heyet \u00fcyeleri; Suriye\u2019nin sergiledi\u011fi destans\u0131 direni\u015fin kendilerini \u015fa\u015f\u0131rtmad\u0131\u011f\u0131n\u0131 \u00e7\u00fcnk\u00fc Suriye halk\u0131n\u0131n g\u00fc\u00e7l\u00fc bir iradesinin binlerce y\u0131ll\u0131k uygarl\u0131klara dayand\u0131\u011f\u0131n\u0131 belirttiler.<\/p>\n<p>G\u00f6r\u00fc\u015fmenin ard\u0131ndan gazetecilere bir a\u00e7\u0131klama yapan Heyet Ba\u015fkan\u0131 Ebu Zeyd; Suriye ziyaretinin, 2017 y\u0131l\u0131 Ekim Ay\u0131nda d\u00fczenlenmesi planlanan kurulu\u015f kongresinin ilk ad\u0131m\u0131n\u0131 te\u015fkil etti\u011fini aktard\u0131.<\/p>\n<p>Birlik \u0130\u00e7in Arap Halk Cephesi Heyeti; M\u0131s\u0131r, Sudan, Filistin ve Libya\u2019dan siyasi \u015fahsiyetleri kaps\u0131yor.<\/p>\n","protected":false},"excerpt":{"rendered":"<p>\u015eAM \u2013 Turizm Bakan\u0131 Bu\u015fr Yaz\u0131c\u0131, Suriye\u2019nin tarihi uygarl\u0131\u011f\u0131 ve insanl\u0131k miras\u0131n\u0131 hedef alan ter\u00f6r sava\u015f\u0131n\u0131n bir insanl\u0131k su\u00e7u oldu\u011funu ifade ederek b\u00fct\u00fcn ter\u00f6r sald\u0131r\u0131lar\u0131na ra\u011fmen ge\u00e7ti\u011fimiz iki y\u0131l i\u00e7erisinde yap\u0131lan turizm yat\u0131r\u0131mlar\u0131 kapsam\u0131nda bir\u00e7ok otelin a\u00e7\u0131ld\u0131\u011f\u0131n\u0131 ve yak\u0131nda da \u00e7ok say\u0131da turizm kurulu\u015funun a\u00e7\u0131l\u0131\u015f\u0131n\u0131 yapaca\u011f\u0131n\u0131 belirtti. Birlik \u0130\u00e7in Arap Halk Cephesi Genel Koordinat\u00f6r\u00fc Ala &hellip;<\/p>\n","protected":false},"author":1,"featured_media":109588,"comment_status":"closed","ping_status":"closed","sticky":false,"template":"","format":"standard","meta":{"footnotes":""},"categories":[479,17988,478],"tags":[28685,28684,18112],"class_list":["post-109578","post","type-post","status-publish","format-standard","has-post-thumbnail","","category-haberler-yerel","category-son-haberler","category-yerel","tag-birlik-icin-arap-halk-cephesi-genel-koordinatoru-ala-ebu-zeyd","tag-suriye-halkinin-iradesi-binlerce-yillik-uygarliklara-dayaniyor","tag-turizm-bakani-busr-yazici"],"_links":{"self":[{"href":"https:\/\/archive.sana.sy\/tr\/index.php?rest_route=\/wp\/v2\/posts\/109578","targetHints":{"allow":["GET"]}}],"collection":[{"href":"https:\/\/archive.sana.sy\/tr\/index.php?rest_route=\/wp\/v2\/posts"}],"about":[{"href":"https:\/\/archive.sana.sy\/tr\/index.php?rest_route=\/wp\/v2\/types\/post"}],"author":[{"embeddable":true,"href":"https:\/\/archive.sana.sy\/tr\/index.php?rest_route=\/wp\/v2\/users\/1"}],"replies":[{"embeddable":true,"href":"https:\/\/archive.sana.sy\/tr\/index.php?rest_route=%2Fwp%2Fv2%2Fcomments&post=109578"}],"version-history":[{"count":0,"href":"https:\/\/archive.sana.sy\/tr\/index.php?rest_route=\/wp\/v2\/posts\/109578\/revisions"}],"wp:featuredmedia":[{"embeddable":true,"href":"https:\/\/archive.sana.sy\/tr\/index.php?rest_route=\/wp\/v2\/media\/109588"}],"wp:attachment":[{"href":"https:\/\/archive.sana.sy\/tr\/index.php?rest_route=%2Fwp%2Fv2%2Fmedia&parent=109578"}],"wp:term":[{"taxonomy":"category","embeddable":true,"href":"https:\/\/archive.sana.sy\/tr\/index.php?rest_route=%2Fwp%2Fv2%2Fcategories&post=109578"},{"taxonomy":"post_tag","embeddable":true,"href":"https:\/\/archive.sana.sy\/tr\/index.php?rest_route=%2Fwp%2Fv2%2Ftags&post=109578"}],"curies":[{"name":"wp","href":"https:\/\/api.w.org\/{rel}","templated":true}]}}