{"id":10959,"date":"2014-09-22T23:50:59","date_gmt":"2014-09-22T20:50:59","guid":{"rendered":"http:\/\/www.sana.sy\/tr\/?p=10959"},"modified":"2014-09-23T15:02:53","modified_gmt":"2014-09-23T12:02:53","slug":"halk-meclisi-yeni-hukumetin-programini-masaya-yatirdi","status":"publish","type":"post","link":"https:\/\/archive.sana.sy\/tr\/?p=10959","title":{"rendered":"Halk Meclisi Yeni H\u00fck\u00fcmetin Program\u0131n\u0131 Masaya Yat\u0131rd\u0131"},"content":{"rendered":"<p>\u015eAM \u2013 Halk Meclisi \u00fcyeleri, bug\u00fcn Meclis Ba\u015fkan\u0131 Muhammed Cihad el Lahham ba\u015fkanl\u0131\u011f\u0131nda, Birinci Yasama D\u00f6nemi Ola\u011fand\u0131\u015f\u0131 4. Toplant\u0131s\u0131nda bir araya geldi.<\/p>\n<p>Ba\u015fbakan Vail el Halaki ba\u015fkanl\u0131\u011f\u0131nda kurulan Yeni h\u00fck\u00fcmetin \u00f6n\u00fcm\u00fczdeki s\u00fcre\u00e7te yapaca\u011f\u0131 \u00e7al\u0131\u015fmalara ili\u015fkin beyan\u0131n\u0131 tart\u0131\u015fan meclis \u00fcyeleri; e\u011fitim program\u0131, y\u00fcksek \u00f6\u011fretim ve sanal \u00fcniversiteyle ilgili \u00e7al\u0131\u015fma programlar\u0131n\u0131n tekrar g\u00f6zden ge\u00e7irilmesi gerekti\u011fine dikkat \u00e7ektiler.<\/p>\n<p>Beyanda yeni i\u015f olanaklar\u0131 yaratma, h\u00fck\u00fcmet ile vatanda\u015f aras\u0131nda g\u00fcven tazeleme, idare reform , merkez bankas\u0131 politikalar\u0131n\u0131n g\u00f6zden ge\u00e7irilmesi gibi konularda geni\u015f bir program yer almas\u0131 gere\u011fine i\u015faret eden meclis \u00fcyeleri; h\u00fck\u00fcmetin,\u00a0 \u00e7al\u0131\u015fma program\u0131n\u0131 bir zaman cetveli \u00e7er\u00e7evesinde uygulamaya ba\u015flamas\u0131 gerekti\u011finin alt\u0131n\u0131 \u00e7izdiler.<\/p>\n<p>H\u00fck\u00fcmet beyan\u0131n\u0131n en ince ayr\u0131nt\u0131lar\u0131na kadar incelendi\u011fi Halk Meclisi toplant\u0131s\u0131 tart\u0131\u015fmalar\u0131n\u0131 ertesi g\u00fcn saat 11:00\u2019da s\u00fcrd\u00fcrme karar\u0131yla oturumu noktaland\u0131.<\/p>\n","protected":false},"excerpt":{"rendered":"<p>\u015eAM \u2013 Halk Meclisi \u00fcyeleri, bug\u00fcn Meclis Ba\u015fkan\u0131 Muhammed Cihad el Lahham ba\u015fkanl\u0131\u011f\u0131nda, Birinci Yasama D\u00f6nemi Ola\u011fand\u0131\u015f\u0131 4. Toplant\u0131s\u0131nda bir araya geldi. Ba\u015fbakan Vail el Halaki ba\u015fkanl\u0131\u011f\u0131nda kurulan Yeni h\u00fck\u00fcmetin \u00f6n\u00fcm\u00fczdeki s\u00fcre\u00e7te yapaca\u011f\u0131 \u00e7al\u0131\u015fmalara ili\u015fkin beyan\u0131n\u0131 tart\u0131\u015fan meclis \u00fcyeleri; e\u011fitim program\u0131, y\u00fcksek \u00f6\u011fretim ve sanal \u00fcniversiteyle ilgili \u00e7al\u0131\u015fma programlar\u0131n\u0131n tekrar g\u00f6zden ge\u00e7irilmesi gerekti\u011fine dikkat \u00e7ektiler. &hellip;<\/p>\n","protected":false},"author":1,"featured_media":10960,"comment_status":"closed","ping_status":"closed","sticky":false,"template":"","format":"standard","meta":{"footnotes":""},"categories":[479,478],"tags":[2615],"class_list":["post-10959","post","type-post","status-publish","format-standard","has-post-thumbnail","","category-haberler-yerel","category-yerel","tag-halk-meclisi-yeni-hukumetin-programini-masaya-yatirdi"],"_links":{"self":[{"href":"https:\/\/archive.sana.sy\/tr\/index.php?rest_route=\/wp\/v2\/posts\/10959","targetHints":{"allow":["GET"]}}],"collection":[{"href":"https:\/\/archive.sana.sy\/tr\/index.php?rest_route=\/wp\/v2\/posts"}],"about":[{"href":"https:\/\/archive.sana.sy\/tr\/index.php?rest_route=\/wp\/v2\/types\/post"}],"author":[{"embeddable":true,"href":"https:\/\/archive.sana.sy\/tr\/index.php?rest_route=\/wp\/v2\/users\/1"}],"replies":[{"embeddable":true,"href":"https:\/\/archive.sana.sy\/tr\/index.php?rest_route=%2Fwp%2Fv2%2Fcomments&post=10959"}],"version-history":[{"count":0,"href":"https:\/\/archive.sana.sy\/tr\/index.php?rest_route=\/wp\/v2\/posts\/10959\/revisions"}],"wp:featuredmedia":[{"embeddable":true,"href":"https:\/\/archive.sana.sy\/tr\/index.php?rest_route=\/wp\/v2\/media\/10960"}],"wp:attachment":[{"href":"https:\/\/archive.sana.sy\/tr\/index.php?rest_route=%2Fwp%2Fv2%2Fmedia&parent=10959"}],"wp:term":[{"taxonomy":"category","embeddable":true,"href":"https:\/\/archive.sana.sy\/tr\/index.php?rest_route=%2Fwp%2Fv2%2Fcategories&post=10959"},{"taxonomy":"post_tag","embeddable":true,"href":"https:\/\/archive.sana.sy\/tr\/index.php?rest_route=%2Fwp%2Fv2%2Ftags&post=10959"}],"curies":[{"name":"wp","href":"https:\/\/api.w.org\/{rel}","templated":true}]}}