{"id":109591,"date":"2017-03-28T23:00:34","date_gmt":"2017-03-28T21:00:34","guid":{"rendered":"http:\/\/www.sana.sy\/tr\/?p=109591"},"modified":"2017-03-29T15:51:52","modified_gmt":"2017-03-29T13:51:52","slug":"bakanlar-kurul-inceleme-ziyaretlerinin-siklastirilmasi-cagrisinda-bulundu","status":"publish","type":"post","link":"https:\/\/archive.sana.sy\/tr\/?p=109591","title":{"rendered":"Bakanlar Kurul \u0130nceleme Ziyaretlerinin S\u0131kla\u015ft\u0131r\u0131lmas\u0131 \u00c7a\u011fr\u0131s\u0131nda Bulundu"},"content":{"rendered":"<p>\u015eAM &#8211; Ba\u015fbakan \u0130mad Hamis ba\u015fkanl\u0131\u011f\u0131nda d\u00fczenlenen Bakanlar Kurulu toplant\u0131s\u0131n\u0131n birinci b\u00f6l\u00fcm\u00fcnde; gayr\u0131 menkul sekt\u00f6r\u00fc, belediyelerin durumu, \u015eam K\u0131rsal\u0131nda mazot da\u011f\u0131t\u0131m\u0131 ve dini turizm gibi konular\u0131n yan\u0131 s\u0131ra bakanlar\u0131n, sanayi b\u00f6lgeleriyle ilgili il m\u00fcd\u00fcrl\u00fcklerine d\u00fczenledi\u011fi habersiz ziyaretlerde edindikleri izlenimler tart\u0131\u015f\u0131ld\u0131.<\/p>\n<p><a href=\"http:\/\/www.sana.sy\/tr\/wp-content\/uploads\/2017\/03\/ku-1.jpg\"><img loading=\"lazy\" decoding=\"async\" class=\"alignright wp-image-109592 size-medium\" src=\"http:\/\/www.sana.sy\/tr\/wp-content\/uploads\/2017\/03\/ku-1-300x150.jpg\" alt=\"\" width=\"300\" height=\"150\" srcset=\"https:\/\/archive.sana.sy\/tr\/wp-content\/uploads\/2017\/03\/ku-1-300x150.jpg 300w, https:\/\/archive.sana.sy\/tr\/wp-content\/uploads\/2017\/03\/ku-1-150x75.jpg 150w, https:\/\/archive.sana.sy\/tr\/wp-content\/uploads\/2017\/03\/ku-1.jpg 660w\" sizes=\"auto, (max-width: 300px) 100vw, 300px\" \/><\/a>B\u00fct\u00fcn bakanlardan illerde bulunan m\u00fcd\u00fcrl\u00fck ve kurumlara habersiz inceleme ziyaretlerini s\u0131kla\u015ft\u0131rmalar\u0131n\u0131 talep eden Bakanlar Kurulu, vatanda\u015flara m\u00fcmk\u00fcn olan en iyi hizmeti sunmak amac\u0131yla memur ve vatanda\u015flarla toplant\u0131lar d\u00fczenleme \u00e7a\u011fr\u0131s\u0131nda bulundu.<\/p>\n<p>Dini turizm konusuna geni\u015f bir zaman ayr\u0131lan Bakanlar Kurulu toplant\u0131s\u0131nda dini turizm kapsam\u0131nda Suriye\u2019yi ziyaret etmek isteyen turistlere en iyi hizmetin sunulmas\u0131 amac\u0131yla i\u00e7i\u015fleri bakanl\u0131\u011f\u0131 ve ilgili b\u00fct\u00fcn kurumlarla birlikte haz\u0131rlad\u0131klar\u0131 yeni \u00e7al\u0131\u015fma plan\u0131 incelendi.<\/p>\n","protected":false},"excerpt":{"rendered":"<p>\u015eAM &#8211; Ba\u015fbakan \u0130mad Hamis ba\u015fkanl\u0131\u011f\u0131nda d\u00fczenlenen Bakanlar Kurulu toplant\u0131s\u0131n\u0131n birinci b\u00f6l\u00fcm\u00fcnde; gayr\u0131 menkul sekt\u00f6r\u00fc, belediyelerin durumu, \u015eam K\u0131rsal\u0131nda mazot da\u011f\u0131t\u0131m\u0131 ve dini turizm gibi konular\u0131n yan\u0131 s\u0131ra bakanlar\u0131n, sanayi b\u00f6lgeleriyle ilgili il m\u00fcd\u00fcrl\u00fcklerine d\u00fczenledi\u011fi habersiz ziyaretlerde edindikleri izlenimler tart\u0131\u015f\u0131ld\u0131. B\u00fct\u00fcn bakanlardan illerde bulunan m\u00fcd\u00fcrl\u00fck ve kurumlara habersiz inceleme ziyaretlerini s\u0131kla\u015ft\u0131rmalar\u0131n\u0131 talep eden Bakanlar Kurulu, &hellip;<\/p>\n","protected":false},"author":1,"featured_media":109593,"comment_status":"closed","ping_status":"closed","sticky":false,"template":"","format":"standard","meta":{"footnotes":""},"categories":[479,17988,478],"tags":[28686,22366,28687],"class_list":["post-109591","post","type-post","status-publish","format-standard","has-post-thumbnail","","category-haberler-yerel","category-son-haberler","category-yerel","tag-bakanlar-kurul-inceleme-ziyaretlerinin-siklastirilmasi-cagrisinda-bulundu","tag-basbakan-imad-hamis","tag-suriye-bakanlik-kurulu"],"_links":{"self":[{"href":"https:\/\/archive.sana.sy\/tr\/index.php?rest_route=\/wp\/v2\/posts\/109591","targetHints":{"allow":["GET"]}}],"collection":[{"href":"https:\/\/archive.sana.sy\/tr\/index.php?rest_route=\/wp\/v2\/posts"}],"about":[{"href":"https:\/\/archive.sana.sy\/tr\/index.php?rest_route=\/wp\/v2\/types\/post"}],"author":[{"embeddable":true,"href":"https:\/\/archive.sana.sy\/tr\/index.php?rest_route=\/wp\/v2\/users\/1"}],"replies":[{"embeddable":true,"href":"https:\/\/archive.sana.sy\/tr\/index.php?rest_route=%2Fwp%2Fv2%2Fcomments&post=109591"}],"version-history":[{"count":0,"href":"https:\/\/archive.sana.sy\/tr\/index.php?rest_route=\/wp\/v2\/posts\/109591\/revisions"}],"wp:featuredmedia":[{"embeddable":true,"href":"https:\/\/archive.sana.sy\/tr\/index.php?rest_route=\/wp\/v2\/media\/109593"}],"wp:attachment":[{"href":"https:\/\/archive.sana.sy\/tr\/index.php?rest_route=%2Fwp%2Fv2%2Fmedia&parent=109591"}],"wp:term":[{"taxonomy":"category","embeddable":true,"href":"https:\/\/archive.sana.sy\/tr\/index.php?rest_route=%2Fwp%2Fv2%2Fcategories&post=109591"},{"taxonomy":"post_tag","embeddable":true,"href":"https:\/\/archive.sana.sy\/tr\/index.php?rest_route=%2Fwp%2Fv2%2Ftags&post=109591"}],"curies":[{"name":"wp","href":"https:\/\/api.w.org\/{rel}","templated":true}]}}