{"id":109596,"date":"2017-03-29T11:11:31","date_gmt":"2017-03-29T09:11:31","guid":{"rendered":"http:\/\/www.sana.sy\/tr\/?p=109596"},"modified":"2017-03-30T15:30:54","modified_gmt":"2017-03-30T13:30:54","slug":"hukumette-bazi-bakanlar-degisti","status":"publish","type":"post","link":"https:\/\/archive.sana.sy\/tr\/?p=109596","title":{"rendered":"H\u00fck\u00fcmette Baz\u0131 Bakanlar De\u011fi\u015fti"},"content":{"rendered":"<p>\u015eAM \u2013 Cumhurba\u015fkan\u0131 Be\u015f\u015far el Esad bug\u00fcn, kabinede 3 bakan\u0131n de\u011fi\u015ftirilmesini \u00f6ng\u00f6ren 2017\/92 say\u0131l\u0131 kararnameyi onaylad\u0131.<\/p>\n<p>Kararname gere\u011fince Hi\u015fam el \u015eear Adalet Bakan\u0131, Selam Seffaf \u0130dari Kalk\u0131nma Bakan\u0131, Muhammed Samir el Halil de Ekonomi ve D\u0131\u015f Ticaret Bakan\u0131 olarak atand\u0131.<\/p>\n","protected":false},"excerpt":{"rendered":"<p>\u015eAM \u2013 Cumhurba\u015fkan\u0131 Be\u015f\u015far el Esad bug\u00fcn, kabinede 3 bakan\u0131n de\u011fi\u015ftirilmesini \u00f6ng\u00f6ren 2017\/92 say\u0131l\u0131 kararnameyi onaylad\u0131. Kararname gere\u011fince Hi\u015fam el \u015eear Adalet Bakan\u0131, Selam Seffaf \u0130dari Kalk\u0131nma Bakan\u0131, Muhammed Samir el Halil de Ekonomi ve D\u0131\u015f Ticaret Bakan\u0131 olarak atand\u0131.<\/p>\n","protected":false},"author":1,"featured_media":56583,"comment_status":"closed","ping_status":"closed","sticky":false,"template":"","format":"standard","meta":{"footnotes":""},"categories":[479,605,17988,612,599,478],"tags":[28689,28690,28692,28688,28691],"class_list":["post-109596","post","type-post","status-publish","format-standard","has-post-thumbnail","","category-haberler-yerel","category-sayin-cumhurbaskani","category-son-haberler","category-yasama-kararnameler","category-yasama-ve-kanunlar","category-yerel","tag-kabinede-3-bakanin-degistirilmesini-ongoren-201792-sayili-kararnameyi-onayladi","tag-kararname-geregince-hisam-el-sear-adalet-bakani","tag-muhammed-samir-el-halil-de-ekonomi-ve-dis-ticaret-bakani-olarak-atandi","tag-sam-cumhurbaskani-bessar-el-esad-bugun","tag-selam-seffaf-idari-kalkinma-bakani"],"_links":{"self":[{"href":"https:\/\/archive.sana.sy\/tr\/index.php?rest_route=\/wp\/v2\/posts\/109596","targetHints":{"allow":["GET"]}}],"collection":[{"href":"https:\/\/archive.sana.sy\/tr\/index.php?rest_route=\/wp\/v2\/posts"}],"about":[{"href":"https:\/\/archive.sana.sy\/tr\/index.php?rest_route=\/wp\/v2\/types\/post"}],"author":[{"embeddable":true,"href":"https:\/\/archive.sana.sy\/tr\/index.php?rest_route=\/wp\/v2\/users\/1"}],"replies":[{"embeddable":true,"href":"https:\/\/archive.sana.sy\/tr\/index.php?rest_route=%2Fwp%2Fv2%2Fcomments&post=109596"}],"version-history":[{"count":0,"href":"https:\/\/archive.sana.sy\/tr\/index.php?rest_route=\/wp\/v2\/posts\/109596\/revisions"}],"wp:featuredmedia":[{"embeddable":true,"href":"https:\/\/archive.sana.sy\/tr\/index.php?rest_route=\/wp\/v2\/media\/56583"}],"wp:attachment":[{"href":"https:\/\/archive.sana.sy\/tr\/index.php?rest_route=%2Fwp%2Fv2%2Fmedia&parent=109596"}],"wp:term":[{"taxonomy":"category","embeddable":true,"href":"https:\/\/archive.sana.sy\/tr\/index.php?rest_route=%2Fwp%2Fv2%2Fcategories&post=109596"},{"taxonomy":"post_tag","embeddable":true,"href":"https:\/\/archive.sana.sy\/tr\/index.php?rest_route=%2Fwp%2Fv2%2Ftags&post=109596"}],"curies":[{"name":"wp","href":"https:\/\/api.w.org\/{rel}","templated":true}]}}