{"id":109598,"date":"2017-03-29T12:00:17","date_gmt":"2017-03-29T10:00:17","guid":{"rendered":"http:\/\/www.sana.sy\/tr\/?p=109598"},"modified":"2017-03-31T14:52:14","modified_gmt":"2017-03-31T11:52:14","slug":"suriye-heyeti-de-mistura-ile-gorusuyor-3","status":"publish","type":"post","link":"https:\/\/archive.sana.sy\/tr\/?p=109598","title":{"rendered":"Suriye Heyeti de Mistura ile G\u00f6r\u00fc\u015f\u00fcyor (video)"},"content":{"rendered":"<p>CENEVRE \u2013 Cenevre&#8217;de BM g\u00f6zetimi alt\u0131nda yap\u0131lan Suriyeliler aras\u0131 diyalog g\u00f6r\u00fc\u015fmelerinin be\u015finci turu kapsam\u0131nda Be\u015f\u015far el Caferi ba\u015fkanl\u0131\u011f\u0131ndaki Suriye Arap Cumhuriyeti heyeti bug\u00fcn \u00f6\u011fleden sonra BM Suriye \u00f6zel temsilcisi Staffan de Mistura ile bir toplant\u0131da bulunuyor.<\/p>\n<p>Suriye heyeti iki g\u00fcn \u00f6nce de Mistura\u2019n\u0131n yard\u0131mc\u0131s\u0131 Remzi \u0130zzettin Remzi ile bir toplant\u0131 d\u00fczenlemi\u015f, toplant\u0131da d\u00f6rt paketten biri olan anayasa paketi ele al\u0131nm\u0131\u015ft\u0131. Toplant\u0131da Suriye heyeti ise anayasa konusunda herhangi bir diyalogun do\u011fru bir \u015fekilde ba\u015flamas\u0131 i\u00e7in temel ilkeler ka\u011f\u0131d\u0131 takdim ederek, Remzi\u2019den bu ilkelere ili\u015fkin di\u011fer heyetlerin g\u00f6r\u00fc\u015f\u00fcn\u00fc almas\u0131n\u0131 talep etmi\u015fti.<\/p>\n<p>https:\/\/www.youtube.com\/watch?v=Gp7s2x3siaI<\/p>\n","protected":false},"excerpt":{"rendered":"<p>CENEVRE \u2013 Cenevre&#8217;de BM g\u00f6zetimi alt\u0131nda yap\u0131lan Suriyeliler aras\u0131 diyalog g\u00f6r\u00fc\u015fmelerinin be\u015finci turu kapsam\u0131nda Be\u015f\u015far el Caferi ba\u015fkanl\u0131\u011f\u0131ndaki Suriye Arap Cumhuriyeti heyeti bug\u00fcn \u00f6\u011fleden sonra BM Suriye \u00f6zel temsilcisi Staffan de Mistura ile bir toplant\u0131da bulunuyor. Suriye heyeti iki g\u00fcn \u00f6nce de Mistura\u2019n\u0131n yard\u0131mc\u0131s\u0131 Remzi \u0130zzettin Remzi ile bir toplant\u0131 d\u00fczenlemi\u015f, toplant\u0131da d\u00f6rt paketten biri &hellip;<\/p>\n","protected":false},"author":1,"featured_media":109613,"comment_status":"closed","ping_status":"closed","sticky":false,"template":"","format":"standard","meta":{"footnotes":""},"categories":[458,459,17988],"tags":[],"class_list":["post-109598","post","type-post","status-publish","format-standard","has-post-thumbnail","","category-dunya1","category-haberler-arap-uluslararasi-politika","category-son-haberler"],"_links":{"self":[{"href":"https:\/\/archive.sana.sy\/tr\/index.php?rest_route=\/wp\/v2\/posts\/109598","targetHints":{"allow":["GET"]}}],"collection":[{"href":"https:\/\/archive.sana.sy\/tr\/index.php?rest_route=\/wp\/v2\/posts"}],"about":[{"href":"https:\/\/archive.sana.sy\/tr\/index.php?rest_route=\/wp\/v2\/types\/post"}],"author":[{"embeddable":true,"href":"https:\/\/archive.sana.sy\/tr\/index.php?rest_route=\/wp\/v2\/users\/1"}],"replies":[{"embeddable":true,"href":"https:\/\/archive.sana.sy\/tr\/index.php?rest_route=%2Fwp%2Fv2%2Fcomments&post=109598"}],"version-history":[{"count":0,"href":"https:\/\/archive.sana.sy\/tr\/index.php?rest_route=\/wp\/v2\/posts\/109598\/revisions"}],"wp:featuredmedia":[{"embeddable":true,"href":"https:\/\/archive.sana.sy\/tr\/index.php?rest_route=\/wp\/v2\/media\/109613"}],"wp:attachment":[{"href":"https:\/\/archive.sana.sy\/tr\/index.php?rest_route=%2Fwp%2Fv2%2Fmedia&parent=109598"}],"wp:term":[{"taxonomy":"category","embeddable":true,"href":"https:\/\/archive.sana.sy\/tr\/index.php?rest_route=%2Fwp%2Fv2%2Fcategories&post=109598"},{"taxonomy":"post_tag","embeddable":true,"href":"https:\/\/archive.sana.sy\/tr\/index.php?rest_route=%2Fwp%2Fv2%2Ftags&post=109598"}],"curies":[{"name":"wp","href":"https:\/\/api.w.org\/{rel}","templated":true}]}}