{"id":10962,"date":"2014-09-23T02:24:36","date_gmt":"2014-09-22T23:24:36","guid":{"rendered":"http:\/\/www.sana.sy\/tr\/?p=10962"},"modified":"2014-09-23T02:24:36","modified_gmt":"2014-09-22T23:24:36","slug":"kermes-el-sanatlari-erkek-isidir-kanisini-degistirdi","status":"publish","type":"post","link":"https:\/\/archive.sana.sy\/tr\/?p=10962","title":{"rendered":"Kermes El Sanatlar\u0131 Erkek \u0130\u015fidir Kan\u0131s\u0131n\u0131 De\u011fi\u015ftirdi"},"content":{"rendered":"<p>\u015eAM \u2013 El sanatlar\u0131n\u0131n sadece erkeklerin ilgi alan\u0131nda olan bir zanaat oldu\u011fu kan\u0131s\u0131 \u015eam\u2019\u0131n el Calaa Melikiye Sanat Galerisinde d\u00fczenlenen ve h\u00fcnerli kad\u0131nlar\u0131 biraya getiren kermesle tamamen de\u011fi\u015fti.<\/p>\n<p>Suriyeli kad\u0131nlar\u0131n ellerindeki h\u00fcner ve maharetin desen desen, renk renk sergilendi\u011fi kermesin d\u00fczenlenmesinde b\u00fcy\u00fck bir \u00e7aba harcayan Suriye \u0130\u015f Kad\u0131nlar\u0131 Komisyonu \u00dcyesi Suzan Fahri; bu kermesin el sanatlar\u0131n\u0131n pazarlanmas\u0131na ve yayg\u0131nla\u015fmas\u0131na katk\u0131da bulunmas\u0131 itibariyle \u00f6nemli bir yere sahip oldu\u011funu dile getirdi.<\/p>\n<p>Kermesin 70 kad\u0131n\u0131n kat\u0131l\u0131m\u0131yla d\u00fczenlendi\u011fine i\u015faret eden Fahri; kermeste bulunan \u00fcr\u00fcnlerin ayr\u0131 ayr\u0131 birer yarat\u0131c\u0131l\u0131k ve h\u00fcner sembol\u00fc oldu\u011funun alt\u0131n\u0131 \u00e7izdi.<\/p>\n<p>Kermesin ayr\u0131ca yeni i\u015f alanlar\u0131 a\u00e7aca\u011f\u0131n\u0131 dile getiren Fahri; ziyaret\u00e7ilerine a\u00e7\u0131k oldu\u011fu s\u00fcrece k\u00fclt\u00fcrel faaliyetler ve yar\u0131\u015fmalarla renklendirilecek kermesin al\u0131\u015fveri\u015f ve e\u011flenceyi bir arada sundu\u011funu belirtti.<\/p>\n<div id='gallery-1' class='gallery galleryid-10962 gallery-columns-2 gallery-size-thumbnail'><figure class='gallery-item'>\n\t\t\t<div class='gallery-icon landscape'>\n\t\t\t\t<a href='https:\/\/archive.sana.sy\/tr\/wp-content\/uploads\/2014\/09\/Kermes-2.jpg'><img loading=\"lazy\" decoding=\"async\" width=\"150\" height=\"95\" src=\"https:\/\/archive.sana.sy\/tr\/wp-content\/uploads\/2014\/09\/Kermes-2-150x95.jpg\" class=\"attachment-thumbnail size-thumbnail\" alt=\"\" srcset=\"https:\/\/archive.sana.sy\/tr\/wp-content\/uploads\/2014\/09\/Kermes-2-150x95.jpg 150w, https:\/\/archive.sana.sy\/tr\/wp-content\/uploads\/2014\/09\/Kermes-2-300x190.jpg 300w, https:\/\/archive.sana.sy\/tr\/wp-content\/uploads\/2014\/09\/Kermes-2-1024x651.jpg 1024w\" sizes=\"auto, (max-width: 150px) 100vw, 150px\" \/><\/a>\n\t\t\t<\/div><\/figure><figure class='gallery-item'>\n\t\t\t<div class='gallery-icon landscape'>\n\t\t\t\t<a href='https:\/\/archive.sana.sy\/tr\/wp-content\/uploads\/2014\/09\/Kermes-3.jpg'><img loading=\"lazy\" decoding=\"async\" width=\"150\" height=\"84\" src=\"https:\/\/archive.sana.sy\/tr\/wp-content\/uploads\/2014\/09\/Kermes-3-150x84.jpg\" class=\"attachment-thumbnail size-thumbnail\" alt=\"\" srcset=\"https:\/\/archive.sana.sy\/tr\/wp-content\/uploads\/2014\/09\/Kermes-3-150x84.jpg 150w, https:\/\/archive.sana.sy\/tr\/wp-content\/uploads\/2014\/09\/Kermes-3-300x169.jpg 300w, https:\/\/archive.sana.sy\/tr\/wp-content\/uploads\/2014\/09\/Kermes-3-1024x578.jpg 1024w\" sizes=\"auto, (max-width: 150px) 100vw, 150px\" \/><\/a>\n\t\t\t<\/div><\/figure>\n\t\t<\/div>\n\n","protected":false},"excerpt":{"rendered":"<p>\u015eAM \u2013 El sanatlar\u0131n\u0131n sadece erkeklerin ilgi alan\u0131nda olan bir zanaat oldu\u011fu kan\u0131s\u0131 \u015eam\u2019\u0131n el Calaa Melikiye Sanat Galerisinde d\u00fczenlenen ve h\u00fcnerli kad\u0131nlar\u0131 biraya getiren kermesle tamamen de\u011fi\u015fti. Suriyeli kad\u0131nlar\u0131n ellerindeki h\u00fcner ve maharetin desen desen, renk renk sergilendi\u011fi kermesin d\u00fczenlenmesinde b\u00fcy\u00fck bir \u00e7aba harcayan Suriye \u0130\u015f Kad\u0131nlar\u0131 Komisyonu \u00dcyesi Suzan Fahri; bu kermesin el &hellip;<\/p>\n","protected":false},"author":1,"featured_media":10963,"comment_status":"closed","ping_status":"closed","sticky":false,"template":"","format":"standard","meta":{"footnotes":""},"categories":[485,526,486,511,525],"tags":[2616],"class_list":["post-10962","post","type-post","status-publish","format-standard","has-post-thumbnail","","category-is-ve-sermaye","category-haber-ve-raporlar","category-haberler-is-ve-sermaye","category-kultur-ve-sanat","category-toplum","tag-kermes-el-sanatlari-erkek-isidir-kanisini-degistirdi"],"_links":{"self":[{"href":"https:\/\/archive.sana.sy\/tr\/index.php?rest_route=\/wp\/v2\/posts\/10962","targetHints":{"allow":["GET"]}}],"collection":[{"href":"https:\/\/archive.sana.sy\/tr\/index.php?rest_route=\/wp\/v2\/posts"}],"about":[{"href":"https:\/\/archive.sana.sy\/tr\/index.php?rest_route=\/wp\/v2\/types\/post"}],"author":[{"embeddable":true,"href":"https:\/\/archive.sana.sy\/tr\/index.php?rest_route=\/wp\/v2\/users\/1"}],"replies":[{"embeddable":true,"href":"https:\/\/archive.sana.sy\/tr\/index.php?rest_route=%2Fwp%2Fv2%2Fcomments&post=10962"}],"version-history":[{"count":0,"href":"https:\/\/archive.sana.sy\/tr\/index.php?rest_route=\/wp\/v2\/posts\/10962\/revisions"}],"wp:featuredmedia":[{"embeddable":true,"href":"https:\/\/archive.sana.sy\/tr\/index.php?rest_route=\/wp\/v2\/media\/10963"}],"wp:attachment":[{"href":"https:\/\/archive.sana.sy\/tr\/index.php?rest_route=%2Fwp%2Fv2%2Fmedia&parent=10962"}],"wp:term":[{"taxonomy":"category","embeddable":true,"href":"https:\/\/archive.sana.sy\/tr\/index.php?rest_route=%2Fwp%2Fv2%2Fcategories&post=10962"},{"taxonomy":"post_tag","embeddable":true,"href":"https:\/\/archive.sana.sy\/tr\/index.php?rest_route=%2Fwp%2Fv2%2Ftags&post=10962"}],"curies":[{"name":"wp","href":"https:\/\/api.w.org\/{rel}","templated":true}]}}