{"id":109655,"date":"2017-03-29T13:00:43","date_gmt":"2017-03-29T11:00:43","guid":{"rendered":"http:\/\/www.sana.sy\/tr\/?p=109655"},"modified":"2017-03-31T14:52:00","modified_gmt":"2017-03-31T11:52:00","slug":"universitenin-daveti-uzerine-sunum-takdim-etti","status":"publish","type":"post","link":"https:\/\/archive.sana.sy\/tr\/?p=109655","title":{"rendered":"\u00dcniversitenin Daveti \u00dczerine Sunum Takdim Etti"},"content":{"rendered":"<p>BRAT\u0130SLAVA \u2013 Suriye&#8217;nin Avusturya B\u00fcy\u00fckel\u00e7isi Bessam el Sabba\u011f, Slovakya \u0130ktisat \u00dcniversitesinin daveti \u00fczerine Uluslararas\u0131 \u0130li\u015fkiler Fak\u00fcltesinin bir etkinli\u011fine kat\u0131l\u0131m\u0131nda; Suriye&#8217;nin b\u00f6lgesel ve uluslar aras\u0131 devletlerin deste\u011fi ile maruz kald\u0131\u011f\u0131 evrensel ter\u00f6re \u0131\u015f\u0131k tuttu.<\/p>\n<p>Sabba\u011f konu\u015fmas\u0131nda bu ter\u00f6r sava\u015f\u0131n\u0131n sadece Suriye ve halk\u0131n\u0131 de\u011fil, t\u00fcm b\u00f6lge hallar\u0131n\u0131 hedef ald\u0131\u011f\u0131n\u0131n alt\u0131n\u0131 \u00e7izdi. Suriye&#8217;de muhtelif isimler alt\u0131nda faaliyet g\u00f6steren ter\u00f6r \u00f6rg\u00fctlerin \u00f6zlerinde ayn\u0131 olduklar\u0131na dikkat \u00e7eken Sabba\u011f; bu ter\u00f6ristlerin i\u015fverenlerinin talimatlar\u0131 ile insan\u0131, k\u00fclt\u00fcr\u00fc, ekonomiyi, tarihi, altyap\u0131y\u0131 ve istisnas\u0131z her \u015feyi hedef ald\u0131klar\u0131na vurgu yapt\u0131.<\/p>\n<p><a href=\"http:\/\/www.sana.sy\/tr\/wp-content\/uploads\/2017\/03\/Sabba\u011f-1.jpg\"><img loading=\"lazy\" decoding=\"async\" class=\"alignright wp-image-109657 size-medium\" src=\"http:\/\/www.sana.sy\/tr\/wp-content\/uploads\/2017\/03\/Sabba\u011f-1-300x225.jpg\" alt=\"\" width=\"300\" height=\"225\" srcset=\"https:\/\/archive.sana.sy\/tr\/wp-content\/uploads\/2017\/03\/Sabba\u011f-1-300x225.jpg 300w, https:\/\/archive.sana.sy\/tr\/wp-content\/uploads\/2017\/03\/Sabba\u011f-1-150x113.jpg 150w, https:\/\/archive.sana.sy\/tr\/wp-content\/uploads\/2017\/03\/Sabba\u011f-1.jpg 660w\" sizes=\"auto, (max-width: 300px) 100vw, 300px\" \/><\/a>B\u00fcy\u00fckel\u00e7i Sabba\u011f, ter\u00f6r\u00fcn yan\u0131 s\u0131ra ekonomik yapt\u0131r\u0131mlar\u0131n da Suriye halk\u0131n\u0131n ya\u015fam\u0131n\u0131 nas\u0131l olumsuz etkiledi\u011fine dikkat \u00e7ekerken, ter\u00f6r\u00fc destekleyen ve yapt\u0131r\u0131mlar\u0131 uygulayan devletlerin yanl\u0131\u015f politikalar\u0131 sonucunda m\u00fclteci sorununun meydana geldi\u011fine vurgu yapt\u0131.<\/p>\n<p>Uluslararas\u0131 \u0130li\u015fkiler Fak\u00fcltesi Dekan\u0131 Ludmila Lipkova Suriye ve halk\u0131n\u0131n aruz kald\u0131\u011f\u0131 evrensel ter\u00f6re ili\u015fkin ger\u00e7eklerin de\u015fifre oldu\u011funu ifade ederken, Slovakya halk\u0131n\u0131n, bu sava\u015fta zafer kazanaca\u011f\u0131na inand\u0131\u011f\u0131 Suriye&#8217;nin yan\u0131nda oldu\u011funu kaydetti.<\/p>\n<p>Suriye B\u00fcy\u00fckel\u00e7isi Sabba\u011f, ard\u0131ndan Slovakya\u2019da bulunan Suriyeli gurbet\u00e7iler ve \u00f6\u011frenciler ile bir araya gelerek, Suriye&#8217;de son durumlar hakk\u0131nda bir sunum takdim etti.<\/p>\n","protected":false},"excerpt":{"rendered":"<p>BRAT\u0130SLAVA \u2013 Suriye&#8217;nin Avusturya B\u00fcy\u00fckel\u00e7isi Bessam el Sabba\u011f, Slovakya \u0130ktisat \u00dcniversitesinin daveti \u00fczerine Uluslararas\u0131 \u0130li\u015fkiler Fak\u00fcltesinin bir etkinli\u011fine kat\u0131l\u0131m\u0131nda; Suriye&#8217;nin b\u00f6lgesel ve uluslar aras\u0131 devletlerin deste\u011fi ile maruz kald\u0131\u011f\u0131 evrensel ter\u00f6re \u0131\u015f\u0131k tuttu. Sabba\u011f konu\u015fmas\u0131nda bu ter\u00f6r sava\u015f\u0131n\u0131n sadece Suriye ve halk\u0131n\u0131 de\u011fil, t\u00fcm b\u00f6lge hallar\u0131n\u0131 hedef ald\u0131\u011f\u0131n\u0131n alt\u0131n\u0131 \u00e7izdi. Suriye&#8217;de muhtelif isimler alt\u0131nda faaliyet &hellip;<\/p>\n","protected":false},"author":1,"featured_media":109656,"comment_status":"closed","ping_status":"closed","sticky":false,"template":"","format":"standard","meta":{"footnotes":""},"categories":[458,459,17988],"tags":[],"class_list":["post-109655","post","type-post","status-publish","format-standard","has-post-thumbnail","","category-dunya1","category-haberler-arap-uluslararasi-politika","category-son-haberler"],"_links":{"self":[{"href":"https:\/\/archive.sana.sy\/tr\/index.php?rest_route=\/wp\/v2\/posts\/109655","targetHints":{"allow":["GET"]}}],"collection":[{"href":"https:\/\/archive.sana.sy\/tr\/index.php?rest_route=\/wp\/v2\/posts"}],"about":[{"href":"https:\/\/archive.sana.sy\/tr\/index.php?rest_route=\/wp\/v2\/types\/post"}],"author":[{"embeddable":true,"href":"https:\/\/archive.sana.sy\/tr\/index.php?rest_route=\/wp\/v2\/users\/1"}],"replies":[{"embeddable":true,"href":"https:\/\/archive.sana.sy\/tr\/index.php?rest_route=%2Fwp%2Fv2%2Fcomments&post=109655"}],"version-history":[{"count":0,"href":"https:\/\/archive.sana.sy\/tr\/index.php?rest_route=\/wp\/v2\/posts\/109655\/revisions"}],"wp:featuredmedia":[{"embeddable":true,"href":"https:\/\/archive.sana.sy\/tr\/index.php?rest_route=\/wp\/v2\/media\/109656"}],"wp:attachment":[{"href":"https:\/\/archive.sana.sy\/tr\/index.php?rest_route=%2Fwp%2Fv2%2Fmedia&parent=109655"}],"wp:term":[{"taxonomy":"category","embeddable":true,"href":"https:\/\/archive.sana.sy\/tr\/index.php?rest_route=%2Fwp%2Fv2%2Fcategories&post=109655"},{"taxonomy":"post_tag","embeddable":true,"href":"https:\/\/archive.sana.sy\/tr\/index.php?rest_route=%2Fwp%2Fv2%2Ftags&post=109655"}],"curies":[{"name":"wp","href":"https:\/\/api.w.org\/{rel}","templated":true}]}}