{"id":109676,"date":"2017-03-29T13:00:12","date_gmt":"2017-03-29T11:00:12","guid":{"rendered":"http:\/\/www.sana.sy\/tr\/?p=109676"},"modified":"2017-03-30T13:45:08","modified_gmt":"2017-03-30T11:45:08","slug":"suriye-heyeti-ilk-paket-basliklarinin-aydinlatilmasini-talep-etti","status":"publish","type":"post","link":"https:\/\/archive.sana.sy\/tr\/?p=109676","title":{"rendered":"Suriye Heyeti \u0130lk Paket Ba\u015fl\u0131klar\u0131n\u0131n Ayd\u0131nlat\u0131lmas\u0131n\u0131 Talep Etti"},"content":{"rendered":"<p>CENEVRE \u2013 Cenevre\u2019de BM g\u00f6zetimi alt\u0131nda yap\u0131lan Suriyeliler aras\u0131 dolayl\u0131 diyalog g\u00f6r\u00fc\u015fmelerinin be\u015finci turu kapsam\u0131nda Be\u015f\u015far el Caferi ba\u015fkanl\u0131\u011f\u0131ndaki Suriye Arap Cumhuriyeti heyeti ile BM Suriye \u00f6zel temsilcisi Staffan de Mistura aras\u0131nda bug\u00fcn BM binas\u0131nda bir toplant\u0131 d\u00fczenlendi.<\/p>\n<p>Toplant\u0131da; Suriye heyeti, g\u00f6r\u00fc\u015fmelerin g\u00fcndeminde yer alan d\u00f6rt paketten ilk paketin ba\u015fl\u0131klar\u0131nda kastedilene ili\u015fkin bir dizi soru ortaya koyarak BM ekibinin bu sorular\u0131 ayd\u0131nlatmas\u0131n\u0131 talep ederken, yar\u0131n sabah saatlerinde de Mistura ve heyet aras\u0131nda yeni bir toplant\u0131n\u0131n olmas\u0131 ve de Mistura\u2019n\u0131n heyetin sorular\u0131n\u0131 ayd\u0131nlatmas\u0131 \u00fczerinde anla\u015fma sa\u011fland\u0131.<\/p>\n","protected":false},"excerpt":{"rendered":"<p>CENEVRE \u2013 Cenevre\u2019de BM g\u00f6zetimi alt\u0131nda yap\u0131lan Suriyeliler aras\u0131 dolayl\u0131 diyalog g\u00f6r\u00fc\u015fmelerinin be\u015finci turu kapsam\u0131nda Be\u015f\u015far el Caferi ba\u015fkanl\u0131\u011f\u0131ndaki Suriye Arap Cumhuriyeti heyeti ile BM Suriye \u00f6zel temsilcisi Staffan de Mistura aras\u0131nda bug\u00fcn BM binas\u0131nda bir toplant\u0131 d\u00fczenlendi. Toplant\u0131da; Suriye heyeti, g\u00f6r\u00fc\u015fmelerin g\u00fcndeminde yer alan d\u00f6rt paketten ilk paketin ba\u015fl\u0131klar\u0131nda kastedilene ili\u015fkin bir dizi soru &hellip;<\/p>\n","protected":false},"author":1,"featured_media":108985,"comment_status":"closed","ping_status":"closed","sticky":false,"template":"","format":"standard","meta":{"footnotes":""},"categories":[458,459,17988],"tags":[20035,18867,18472,28702,27928],"class_list":["post-109676","post","type-post","status-publish","format-standard","has-post-thumbnail","","category-dunya1","category-haberler-arap-uluslararasi-politika","category-son-haberler","tag-baris-gorusmeleri","tag-bessar-el-caferi","tag-staffan-de-mistura","tag-suriye-heyeti-ilk-paket-basliklarinin-aydinlatilmasini-talep-etti","tag-suriyeliler-arasi-gorusmeler"],"_links":{"self":[{"href":"https:\/\/archive.sana.sy\/tr\/index.php?rest_route=\/wp\/v2\/posts\/109676","targetHints":{"allow":["GET"]}}],"collection":[{"href":"https:\/\/archive.sana.sy\/tr\/index.php?rest_route=\/wp\/v2\/posts"}],"about":[{"href":"https:\/\/archive.sana.sy\/tr\/index.php?rest_route=\/wp\/v2\/types\/post"}],"author":[{"embeddable":true,"href":"https:\/\/archive.sana.sy\/tr\/index.php?rest_route=\/wp\/v2\/users\/1"}],"replies":[{"embeddable":true,"href":"https:\/\/archive.sana.sy\/tr\/index.php?rest_route=%2Fwp%2Fv2%2Fcomments&post=109676"}],"version-history":[{"count":0,"href":"https:\/\/archive.sana.sy\/tr\/index.php?rest_route=\/wp\/v2\/posts\/109676\/revisions"}],"wp:featuredmedia":[{"embeddable":true,"href":"https:\/\/archive.sana.sy\/tr\/index.php?rest_route=\/wp\/v2\/media\/108985"}],"wp:attachment":[{"href":"https:\/\/archive.sana.sy\/tr\/index.php?rest_route=%2Fwp%2Fv2%2Fmedia&parent=109676"}],"wp:term":[{"taxonomy":"category","embeddable":true,"href":"https:\/\/archive.sana.sy\/tr\/index.php?rest_route=%2Fwp%2Fv2%2Fcategories&post=109676"},{"taxonomy":"post_tag","embeddable":true,"href":"https:\/\/archive.sana.sy\/tr\/index.php?rest_route=%2Fwp%2Fv2%2Ftags&post=109676"}],"curies":[{"name":"wp","href":"https:\/\/api.w.org\/{rel}","templated":true}]}}