{"id":10973,"date":"2014-09-23T09:51:06","date_gmt":"2014-09-23T06:51:06","guid":{"rendered":"http:\/\/www.sana.sy\/tr\/?p=10973"},"modified":"2014-09-23T09:51:06","modified_gmt":"2014-09-23T06:51:06","slug":"pentagon-amerikan-ucaklari-rakkada-iside-karsi-hava-saldirilari-duzenledi","status":"publish","type":"post","link":"https:\/\/archive.sana.sy\/tr\/?p=10973","title":{"rendered":"Pentagon: Amerikan U\u00e7aklar\u0131 Rakka\u2019da I\u015e\u0130D\u2019e Kar\u015f\u0131 Hava Sald\u0131r\u0131lar\u0131 D\u00fczenledi"},"content":{"rendered":"<p>WASH\u0130NGTON \u2013 Amerika Savunma Bakanl\u0131\u011f\u0131 \u201cPentagon\u201d Amerikan ordusu ve \u201cortaklar\u0131n\u201d ilk defa Rakka\u2019da \u201cI\u015e\u0130D\u201d ter\u00f6r \u00f6rg\u00fct\u00fc mevzilerine y\u00f6nelik bombard\u0131manlar d\u00fczenlediklerini ilan etti.<\/p>\n<p>Pentagon s\u00f6zc\u00fcs\u00fc Amiral John Kerby yay\u0131nlad\u0131\u011f\u0131 beyanda, Amerikan ordusunun ve \u201cortak \u00fclke g\u00fc\u00e7leri\u201d olarak adland\u0131rd\u0131klar\u0131n\u0131n sava\u015f u\u00e7aklar\u0131, roket f\u0131rlat\u0131c\u0131lar\u0131 ve k\u0131talararas\u0131 f\u00fczeler olan Tomahawk vas\u0131tas\u0131yla Rakka\u2019daki \u201cI\u015e\u0130D\u201d ter\u00f6r \u00f6rg\u00fct\u00fcne kar\u015f\u0131 askeri operasyon d\u00fczenlediklerini belirtti.<\/p>\n<p>,Beyan, s\u00f6z konusu sald\u0131r\u0131 d\u00fczenleme karar\u0131n\u0131n daha \u00f6nceden d\u00fcn Pazartesi g\u00fcn\u00fc ba\u015fkan Barack Obama\u2019n\u0131n izni gere\u011fince orta askeri b\u00f6lge komutanl\u0131\u011f\u0131 taraf\u0131ndan al\u0131nd\u0131\u011f\u0131n\u0131 ifade etti.<\/p>\n","protected":false},"excerpt":{"rendered":"<p>WASH\u0130NGTON \u2013 Amerika Savunma Bakanl\u0131\u011f\u0131 \u201cPentagon\u201d Amerikan ordusu ve \u201cortaklar\u0131n\u201d ilk defa Rakka\u2019da \u201cI\u015e\u0130D\u201d ter\u00f6r \u00f6rg\u00fct\u00fc mevzilerine y\u00f6nelik bombard\u0131manlar d\u00fczenlediklerini ilan etti. Pentagon s\u00f6zc\u00fcs\u00fc Amiral John Kerby yay\u0131nlad\u0131\u011f\u0131 beyanda, Amerikan ordusunun ve \u201cortak \u00fclke g\u00fc\u00e7leri\u201d olarak adland\u0131rd\u0131klar\u0131n\u0131n sava\u015f u\u00e7aklar\u0131, roket f\u0131rlat\u0131c\u0131lar\u0131 ve k\u0131talararas\u0131 f\u00fczeler olan Tomahawk vas\u0131tas\u0131yla Rakka\u2019daki \u201cI\u015e\u0130D\u201d ter\u00f6r \u00f6rg\u00fct\u00fcne kar\u015f\u0131 askeri operasyon d\u00fczenlediklerini &hellip;<\/p>\n","protected":false},"author":1,"featured_media":10974,"comment_status":"closed","ping_status":"closed","sticky":false,"template":"","format":"standard","meta":{"footnotes":""},"categories":[458,459,447],"tags":[2625,2628,2627,2303,2624,2626],"class_list":["post-10973","post","type-post","status-publish","format-standard","has-post-thumbnail","","category-dunya1","category-haberler-arap-uluslararasi-politika","category-politika","tag-amerikan-ucaklari","tag-duzenledi","tag-hava-saldirilari","tag-iside-karsi","tag-pentagon","tag-rakkada"],"_links":{"self":[{"href":"https:\/\/archive.sana.sy\/tr\/index.php?rest_route=\/wp\/v2\/posts\/10973","targetHints":{"allow":["GET"]}}],"collection":[{"href":"https:\/\/archive.sana.sy\/tr\/index.php?rest_route=\/wp\/v2\/posts"}],"about":[{"href":"https:\/\/archive.sana.sy\/tr\/index.php?rest_route=\/wp\/v2\/types\/post"}],"author":[{"embeddable":true,"href":"https:\/\/archive.sana.sy\/tr\/index.php?rest_route=\/wp\/v2\/users\/1"}],"replies":[{"embeddable":true,"href":"https:\/\/archive.sana.sy\/tr\/index.php?rest_route=%2Fwp%2Fv2%2Fcomments&post=10973"}],"version-history":[{"count":0,"href":"https:\/\/archive.sana.sy\/tr\/index.php?rest_route=\/wp\/v2\/posts\/10973\/revisions"}],"wp:featuredmedia":[{"embeddable":true,"href":"https:\/\/archive.sana.sy\/tr\/index.php?rest_route=\/wp\/v2\/media\/10974"}],"wp:attachment":[{"href":"https:\/\/archive.sana.sy\/tr\/index.php?rest_route=%2Fwp%2Fv2%2Fmedia&parent=10973"}],"wp:term":[{"taxonomy":"category","embeddable":true,"href":"https:\/\/archive.sana.sy\/tr\/index.php?rest_route=%2Fwp%2Fv2%2Fcategories&post=10973"},{"taxonomy":"post_tag","embeddable":true,"href":"https:\/\/archive.sana.sy\/tr\/index.php?rest_route=%2Fwp%2Fv2%2Ftags&post=10973"}],"curies":[{"name":"wp","href":"https:\/\/api.w.org\/{rel}","templated":true}]}}